{"id":12267,"date":"2017-03-31T22:31:51","date_gmt":"2017-04-01T02:31:51","guid":{"rendered":"http:\/\/prwrestling.com\/nw\/?p=12267"},"modified":"2017-03-31T22:31:51","modified_gmt":"2017-04-01T02:31:51","slug":"jim-ross-de-regreso-a-la-wwe","status":"publish","type":"post","link":"https:\/\/www.prwrestling.com\/nw\/jim-ross-de-regreso-a-la-wwe\/","title":{"rendered":"JIM ROSS DE REGRESO A LA WWE"},"content":{"rendered":"<p style=\"text-align: center;\"><a href=\"http:\/\/prwrestling.com\/nw\/wp-content\/uploads\/2014\/04\/jim-ross.jpg\" target=\"_blank\" rel=\"noopener\"><img loading=\"lazy\" decoding=\"async\" class=\" wp-image-317 aligncenter\" alt=\"jim ross\" src=\"http:\/\/prwrestling.com\/nw\/wp-content\/uploads\/2014\/04\/jim-ross.jpg\" width=\"410\" height=\"317\" srcset=\"https:\/\/www.prwrestling.com\/nw\/wp-content\/uploads\/2014\/04\/jim-ross.jpg 456w, https:\/\/www.prwrestling.com\/nw\/wp-content\/uploads\/2014\/04\/jim-ross-300x231.jpg 300w\" sizes=\"auto, (max-width: 410px) 100vw, 410px\" \/><\/a><\/p>\n<p>El miembro del Sal\u00f3n de la Fama de la WWE Jim Ross regresar\u00e1 a WWE para narra una lucha en WrestleMania 33. <!--more-->PWInsider.com ha confirmado que Ross estar\u00e1 detr\u00e1s del micr\u00f3fono para la lucha de Brock Lesnar vs campe\u00f3n de la WWE Bill Goldberg este domingo.<\/p>\n<p>Ross supuestamente firm\u00f3 un nuevo con la WWE en el que estar\u00e1 envuelto para trabajar con material en el WWE Network y apariciones ocasionales en la TV para narrar luchas. Todav\u00eda no se sabe con qu\u00e9 frecuencia Ross aparecer\u00e1 en la televisi\u00f3n.<\/p>\n<p style=\"text-align: center;\">Contin\u00faa abajo<br \/>\n<script type=\"text\/javascript\" src=\"\/\/pagead2.googlesyndication.com\/pagead\/js\/adsbygoogle.js\" async=\"\"><\/script><!-- 300x250 en medio de portajes (manual placement) --> <ins class=\"adsbygoogle\" style=\"display: inline-block; width: 300px; height: 250px;\" data-ad-client=\"ca-pub-1244235910658811\" data-ad-slot=\"8592682546\"><\/ins><script type=\"text\/javascript\">\/\/ <![CDATA[\n(adsbygoogle = window.adsbygoogle || []).push({});\n\/\/ ]]><\/script><\/p>\n<p>El nuevo acuerdo fue ofrecido y firmado antes de que la esposa de Ross, Jan, falleciera a principios de este mes, quiz\u00e1s hasta 5 semanas atr\u00e1s.<\/p>\n<p>Ross, de 65 a\u00f1os de edad, ha estado fuera de la WWE desde que se retir\u00f3 de la compa\u00f1\u00eda en septiembre de 2013 tras la controversia en torno a una mesa redonda que anim\u00f3 en agosto como parte de un lanzamiento de videojuegos.<\/p>\n<p style=\"text-align: center;\"><strong>Opina abajo!<\/strong><br \/>\n<script type=\"text\/javascript\" src=\"\/\/pagead2.googlesyndication.com\/pagead\/js\/adsbygoogle.js\" async=\"\"><\/script><!-- 300x250, abajo de reportaje --> <ins class=\"adsbygoogle\" style=\"display: inline-block; width: 300px; height: 250px;\" data-ad-client=\"ca-pub-1244235910658811\" data-ad-slot=\"2438031264\"><\/ins><script type=\"text\/javascript\">\/\/ <![CDATA[\n(adsbygoogle = window.adsbygoogle || []).push({});\n\/\/ ]]><\/script><\/p>\n","protected":false},"excerpt":{"rendered":"<p>El miembro del Sal\u00f3n de la Fama de la WWE Jim Ross regresar\u00e1 a WWE para narra una lucha en WrestleMania 33.<\/p>\n","protected":false},"author":3,"featured_media":317,"comment_status":"closed","ping_status":"closed","sticky":false,"template":"","format":"standard","meta":{"footnotes":""},"categories":[5],"tags":[],"class_list":{"0":"post-12267","1":"post","2":"type-post","3":"status-publish","4":"format-standard","5":"has-post-thumbnail","7":"category-noticias"},"_links":{"self":[{"href":"https:\/\/www.prwrestling.com\/nw\/wp-json\/wp\/v2\/posts\/12267","targetHints":{"allow":["GET"]}}],"collection":[{"href":"https:\/\/www.prwrestling.com\/nw\/wp-json\/wp\/v2\/posts"}],"about":[{"href":"https:\/\/www.prwrestling.com\/nw\/wp-json\/wp\/v2\/types\/post"}],"author":[{"embeddable":true,"href":"https:\/\/www.prwrestling.com\/nw\/wp-json\/wp\/v2\/users\/3"}],"replies":[{"embeddable":true,"href":"https:\/\/www.prwrestling.com\/nw\/wp-json\/wp\/v2\/comments?post=12267"}],"version-history":[{"count":1,"href":"https:\/\/www.prwrestling.com\/nw\/wp-json\/wp\/v2\/posts\/12267\/revisions"}],"predecessor-version":[{"id":12268,"href":"https:\/\/www.prwrestling.com\/nw\/wp-json\/wp\/v2\/posts\/12267\/revisions\/12268"}],"wp:featuredmedia":[{"embeddable":true,"href":"https:\/\/www.prwrestling.com\/nw\/wp-json\/wp\/v2\/media\/317"}],"wp:attachment":[{"href":"https:\/\/www.prwrestling.com\/nw\/wp-json\/wp\/v2\/media?parent=12267"}],"wp:term":[{"taxonomy":"category","embeddable":true,"href":"https:\/\/www.prwrestling.com\/nw\/wp-json\/wp\/v2\/categories?post=12267"},{"taxonomy":"post_tag","embeddable":true,"href":"https:\/\/www.prwrestling.com\/nw\/wp-json\/wp\/v2\/tags?post=12267"}],"curies":[{"name":"wp","href":"https:\/\/api.w.org\/{rel}","templated":true}]}}