{"id":12278,"date":"2017-04-01T11:39:35","date_gmt":"2017-04-01T15:39:35","guid":{"rendered":"http:\/\/prwrestling.com\/nw\/?p=12278"},"modified":"2017-04-01T11:39:35","modified_gmt":"2017-04-01T15:39:35","slug":"wade-barrett-comenta-sobre-su-ausencia-en-la-lucha-libre","status":"publish","type":"post","link":"https:\/\/www.prwrestling.com\/nw\/wade-barrett-comenta-sobre-su-ausencia-en-la-lucha-libre\/","title":{"rendered":"WADE BARRETT COMENTA SOBRE SU AUSENCIA EN LA LUCHA LIBRE"},"content":{"rendered":"<p><a href=\"http:\/\/prwrestling.com\/nw\/wp-content\/uploads\/2014\/05\/barrett.jpg\" target=\"_blank\" rel=\"noopener\"><img loading=\"lazy\" decoding=\"async\" class=\"size-full wp-image-663 aligncenter\" alt=\"barrett\" src=\"http:\/\/prwrestling.com\/nw\/wp-content\/uploads\/2014\/05\/barrett.jpg\" width=\"542\" height=\"361\" srcset=\"https:\/\/www.prwrestling.com\/nw\/wp-content\/uploads\/2014\/05\/barrett.jpg 542w, https:\/\/www.prwrestling.com\/nw\/wp-content\/uploads\/2014\/05\/barrett-300x199.jpg 300w\" sizes=\"auto, (max-width: 542px) 100vw, 542px\" \/><\/a><\/p>\n<p>Wade Barrett, la ex estrella de la WWE, habl\u00f3 con Hannibal TV durante WrestleCon este fin de semana de WrestleMania, sobre su desaparici\u00f3n del mundo de la lucha libre.<!--more--><\/p>\n<p>&#8220;Decid\u00ed tomarme un a\u00f1o libre. Yo estaba bastante descontento con WWE cuando me fui all\u00ed, as\u00ed que quer\u00eda un poco de un descanso del negocio. As\u00ed que he estado haciendo algunas actuaciones, algunas apariciones, algunas otras cosas, algunos viajes, y generalmente disfruto de m\u00ed mismo,&#8221; le dijo el luchador a Dave Penzer.<\/p>\n<p style=\"text-align: center;\">Contin\u00faa abajo<br \/>\n<script type=\"text\/javascript\" src=\"\/\/pagead2.googlesyndication.com\/pagead\/js\/adsbygoogle.js\" async=\"\"><\/script><!-- 300x250 en medio de portajes (manual placement) --> <ins class=\"adsbygoogle\" style=\"display: inline-block; width: 300px; height: 250px;\" data-ad-client=\"ca-pub-1244235910658811\" data-ad-slot=\"8592682546\"><\/ins><script type=\"text\/javascript\">\/\/ <![CDATA[\n(adsbygoogle = window.adsbygoogle || []).push({});\n\/\/ ]]><\/script><\/p>\n<p>Sobre si planifica regresar a la lucha librem Barret dijo:<\/p>\n<p>&#8220;S\u00ed, 100%. Necesitaba tomar un poco de tiempo, quer\u00eda dejarlo hasta que extra\u00f1ara el negocio, hasta que volv\u00ed y me siento como en los \u00faltimos meses realmente he estado extra\u00f1andolo, as\u00ed que he estado hablando con algunas personas en El Reino Unido. Tienes WCPW, estoy hablando mucho con ellos en abril, y veremos a d\u00f3nde va desde all\u00ed,&#8221; coment\u00f3.<\/p>\n<p>Pueden ver el video de la entrevista a continuaci\u00f3n:<\/p>\n<p style=\"text-align: center;\">Contin\u00faa abajo<br \/>\n<script type=\"text\/javascript\" src=\"\/\/pagead2.googlesyndication.com\/pagead\/js\/adsbygoogle.js\" async=\"\"><\/script><!-- 300x250 en medio de portajes (manual placement) --> <ins class=\"adsbygoogle\" style=\"display: inline-block; width: 300px; height: 250px;\" data-ad-client=\"ca-pub-1244235910658811\" data-ad-slot=\"8592682546\"><\/ins><script type=\"text\/javascript\">\/\/ <![CDATA[\n(adsbygoogle = window.adsbygoogle || []).push({});\n\/\/ ]]><\/script><\/p>\n<p><iframe loading=\"lazy\" src=\"https:\/\/www.youtube.com\/embed\/gouWyM38qw8\" height=\"315\" width=\"560\" allowfullscreen=\"\" frameborder=\"0\"><\/iframe><\/p>\n","protected":false},"excerpt":{"rendered":"<p>Wade Barrett, la ex estrella de la WWE, habl\u00f3 con Hannibal TV durante WrestleCon este fin de semana de WrestleMania, sobre su desaparici\u00f3n del mundo de la lucha libre.<\/p>\n","protected":false},"author":3,"featured_media":663,"comment_status":"closed","ping_status":"closed","sticky":false,"template":"","format":"standard","meta":{"footnotes":""},"categories":[5],"tags":[],"class_list":{"0":"post-12278","1":"post","2":"type-post","3":"status-publish","4":"format-standard","5":"has-post-thumbnail","7":"category-noticias"},"_links":{"self":[{"href":"https:\/\/www.prwrestling.com\/nw\/wp-json\/wp\/v2\/posts\/12278","targetHints":{"allow":["GET"]}}],"collection":[{"href":"https:\/\/www.prwrestling.com\/nw\/wp-json\/wp\/v2\/posts"}],"about":[{"href":"https:\/\/www.prwrestling.com\/nw\/wp-json\/wp\/v2\/types\/post"}],"author":[{"embeddable":true,"href":"https:\/\/www.prwrestling.com\/nw\/wp-json\/wp\/v2\/users\/3"}],"replies":[{"embeddable":true,"href":"https:\/\/www.prwrestling.com\/nw\/wp-json\/wp\/v2\/comments?post=12278"}],"version-history":[{"count":1,"href":"https:\/\/www.prwrestling.com\/nw\/wp-json\/wp\/v2\/posts\/12278\/revisions"}],"predecessor-version":[{"id":12280,"href":"https:\/\/www.prwrestling.com\/nw\/wp-json\/wp\/v2\/posts\/12278\/revisions\/12280"}],"wp:featuredmedia":[{"embeddable":true,"href":"https:\/\/www.prwrestling.com\/nw\/wp-json\/wp\/v2\/media\/663"}],"wp:attachment":[{"href":"https:\/\/www.prwrestling.com\/nw\/wp-json\/wp\/v2\/media?parent=12278"}],"wp:term":[{"taxonomy":"category","embeddable":true,"href":"https:\/\/www.prwrestling.com\/nw\/wp-json\/wp\/v2\/categories?post=12278"},{"taxonomy":"post_tag","embeddable":true,"href":"https:\/\/www.prwrestling.com\/nw\/wp-json\/wp\/v2\/tags?post=12278"}],"curies":[{"name":"wp","href":"https:\/\/api.w.org\/{rel}","templated":true}]}}