{"id":122968,"date":"2020-04-15T20:54:44","date_gmt":"2020-04-16T00:54:44","guid":{"rendered":"https:\/\/www.prwrestling.com\/nw\/?p=122968"},"modified":"2020-04-15T20:54:44","modified_gmt":"2020-04-16T00:54:44","slug":"jerry-soto-entre-los-liberados-temporalmente-por-wwe","status":"publish","type":"post","link":"https:\/\/www.prwrestling.com\/nw\/jerry-soto-entre-los-liberados-temporalmente-por-wwe\/","title":{"rendered":"Jerry Soto entre los liberados temporalmente por WWE"},"content":{"rendered":"<p>El presentador puertorrique\u00f1o Jerry Soto fue uno de los empleados que ya no estar\u00e1 laborando con la WWE desde hoy.<!--more--> Este se expres\u00f3 en Twitter en donde dijo que es del grupo de los que fueron liberados temporalmente:<br \/>\n<div id=\"ad-slot\" style=\"min-width: 300px; min-height: 250px;\">\r\n<p style=\"text-align: center;\">\r\n<script async src=\"https:\/\/pagead2.googlesyndication.com\/pagead\/js\/adsbygoogle.js\"><\/script>\r\n<!-- 300x250 sc a -->\r\n<ins class=\"adsbygoogle\"\r\n     style=\"display:inline-block;width:300px;height:250px\"\r\n     data-ad-client=\"ca-pub-1244235910658811\"\r\n     data-ad-slot=\"8592682546\"><\/ins>\r\n<script>\r\n     (adsbygoogle = window.adsbygoogle || []).push({});\r\n<\/script><\/center>\r\n<\/p><\/div><br \/>\n&#8220;He trabajado para #WWE por 9 a\u00f1os. Hoy he sido puesto en despido temporal, pero la gente ha estado sufriendo en todas partes durante mucho m\u00e1s tiempo. Ayud\u00e9monos unos a otros y trabajemos para regresar m\u00e1s fuertes,&#8221; dijo Soto en Twitter  <\/p>\n<blockquote class=\"twitter-tweet\">\n<p lang=\"es\" dir=\"ltr\">He trabajado para <a href=\"https:\/\/twitter.com\/hashtag\/WWE?src=hash&amp;ref_src=twsrc%5Etfw\" target=\"_blank\" rel=\"noopener\">#WWE<\/a> por 9 a\u00f1os. Hoy he sido puesto en despido temporal, pero la gente ha estado sufriendo en todas partes durante mucho m\u00e1s tiempo. Ayud\u00e9monos unos a otros y trabajemos para regresar m\u00e1s fuertes. &#x2764;&#xfe0f;&#x1f494;&#x2764;&#xfe0f; <a href=\"https:\/\/twitter.com\/hashtag\/abrazodesinfectado?src=hash&amp;ref_src=twsrc%5Etfw\" target=\"_blank\" rel=\"noopener\">#abrazodesinfectado<\/a><\/p>\n<p>&mdash; Jerry Soto (@JerrySotoWWE) <a href=\"https:\/\/twitter.com\/JerrySotoWWE\/status\/1250539171300720645?ref_src=twsrc%5Etfw\" target=\"_blank\" rel=\"noopener\">April 15, 2020<\/a><\/p><\/blockquote>\n<p> <script async src=\"https:\/\/platform.twitter.com\/widgets.js\" charset=\"utf-8\"><\/script><\/p>\n","protected":false},"excerpt":{"rendered":"<p>El presentador puertorrique\u00f1o Jerry Soto fue uno de los empleados que ya no estar\u00e1 laborando con la WWE desde hoy.<\/p>\n","protected":false},"author":1,"featured_media":122969,"comment_status":"open","ping_status":"closed","sticky":false,"template":"","format":"standard","meta":{"footnotes":""},"categories":[5,38],"tags":[],"class_list":{"0":"post-122968","1":"post","2":"type-post","3":"status-publish","4":"format-standard","5":"has-post-thumbnail","7":"category-noticias","8":"category-noticias-y-rumores-de-la-wwe"},"_links":{"self":[{"href":"https:\/\/www.prwrestling.com\/nw\/wp-json\/wp\/v2\/posts\/122968","targetHints":{"allow":["GET"]}}],"collection":[{"href":"https:\/\/www.prwrestling.com\/nw\/wp-json\/wp\/v2\/posts"}],"about":[{"href":"https:\/\/www.prwrestling.com\/nw\/wp-json\/wp\/v2\/types\/post"}],"author":[{"embeddable":true,"href":"https:\/\/www.prwrestling.com\/nw\/wp-json\/wp\/v2\/users\/1"}],"replies":[{"embeddable":true,"href":"https:\/\/www.prwrestling.com\/nw\/wp-json\/wp\/v2\/comments?post=122968"}],"version-history":[{"count":2,"href":"https:\/\/www.prwrestling.com\/nw\/wp-json\/wp\/v2\/posts\/122968\/revisions"}],"predecessor-version":[{"id":122972,"href":"https:\/\/www.prwrestling.com\/nw\/wp-json\/wp\/v2\/posts\/122968\/revisions\/122972"}],"wp:featuredmedia":[{"embeddable":true,"href":"https:\/\/www.prwrestling.com\/nw\/wp-json\/wp\/v2\/media\/122969"}],"wp:attachment":[{"href":"https:\/\/www.prwrestling.com\/nw\/wp-json\/wp\/v2\/media?parent=122968"}],"wp:term":[{"taxonomy":"category","embeddable":true,"href":"https:\/\/www.prwrestling.com\/nw\/wp-json\/wp\/v2\/categories?post=122968"},{"taxonomy":"post_tag","embeddable":true,"href":"https:\/\/www.prwrestling.com\/nw\/wp-json\/wp\/v2\/tags?post=122968"}],"curies":[{"name":"wp","href":"https:\/\/api.w.org\/{rel}","templated":true}]}}