{"id":12297,"date":"2017-04-02T07:45:12","date_gmt":"2017-04-02T11:45:12","guid":{"rendered":"http:\/\/prwrestling.com\/nw\/?p=12297"},"modified":"2017-04-02T07:46:15","modified_gmt":"2017-04-02T11:46:15","slug":"angle-dice-que-estara-luchando-en-la-wwe","status":"publish","type":"post","link":"https:\/\/www.prwrestling.com\/nw\/angle-dice-que-estara-luchando-en-la-wwe\/","title":{"rendered":"ANGLE DICE QUE ESTARA LUCHANDO EN LA WWE"},"content":{"rendered":"<p style=\"text-align: center;\"><a href=\"http:\/\/prwrestling.com\/nw\/wp-content\/uploads\/2017\/04\/kurt-angle.jpg\" target=\"_blank\" rel=\"noopener\"><img loading=\"lazy\" decoding=\"async\" class=\" wp-image-12298 aligncenter\" alt=\"kurt angle\" src=\"http:\/\/prwrestling.com\/nw\/wp-content\/uploads\/2017\/04\/kurt-angle.jpg\" width=\"512\" height=\"288\" srcset=\"https:\/\/www.prwrestling.com\/nw\/wp-content\/uploads\/2017\/04\/kurt-angle.jpg 640w, https:\/\/www.prwrestling.com\/nw\/wp-content\/uploads\/2017\/04\/kurt-angle-300x168.jpg 300w\" sizes=\"auto, (max-width: 512px) 100vw, 512px\" \/><\/a><\/p>\n<p>Jonathan Coachman entrevist\u00f3 a Kurt Angle para ESPN despu\u00e9s de que Angle fue incluido en el Sal\u00f3n de la Fama de la WWE el viernes por la noche. <!--more-->Durante la entrevista, Angle se\u00f1al\u00f3 que ahora est\u00e1 en cada Sal\u00f3n de la Fama de la lucha, tanto aficionada como profesional.<\/p>\n<p>Tambi\u00e9n se le pregunt\u00f3 una vez m\u00e1s si estar\u00eda luchando en la WWE de nuevo, a lo que dijo:<\/p>\n<p>&#8220;S\u00e9 que voy tomar\u00e9 m\u00e1s o menos de un papel de embajador&#8221;, dijo Angle. &#8220;S\u00e9 que hay una oportunidad de Kurt Angle luchar de nuevo.&#8221;<\/p>\n<p style=\"text-align: center;\">Contin\u00faa abajo<br \/>\n<script type=\"text\/javascript\" src=\"\/\/pagead2.googlesyndication.com\/pagead\/js\/adsbygoogle.js\" async=\"\"><\/script><!-- 300x250 en medio de portajes (manual placement) --> <ins class=\"adsbygoogle\" style=\"display: inline-block; width: 300px; height: 250px;\" data-ad-client=\"ca-pub-1244235910658811\" data-ad-slot=\"8592682546\"><\/ins><script type=\"text\/javascript\">\/\/ <![CDATA[\n(adsbygoogle = window.adsbygoogle || []).push({});\n\/\/ ]]><\/script><\/p>\n<p>Angle admiti\u00f3 que tendr\u00e1 que ganar la confianza de la WWE, especialmente con los problemas que ha tenido en el pasado. Afirm\u00f3 que ha estado limpio durante cuatro a\u00f1os, y cuanto m\u00e1s demuestra que puedan depender de \u00e9l, m\u00e1s probable es que luche en la WWE de nuevo.<\/p>\n<p>&#8220;Realmente creo que Kurt Angle no ha terminado de luchar&#8221;, dijo Angle. &#8220;Creo que es seguro decir que estar\u00e9 luchando de nuevo en ese ring de la WWE de nuevo.&#8221;<\/p>\n<p>A continuaci\u00f3n el video de la entrevista.<\/p>\n<div class=\"media-display\"><iframe loading=\"lazy\" src=\"http:\/\/www.espn.com\/core\/video\/iframe?id=19051281&amp;endcard=false\" height=\"392\" width=\"696\" allowfullscreen=\"\" frameborder=\"0\"><\/iframe><\/div>\n","protected":false},"excerpt":{"rendered":"<p>Jonathan Coachman entrevist\u00f3 a Kurt Angle para ESPN despu\u00e9s de que Angle fue incluido en el Sal\u00f3n de la Fama de la WWE el viernes por la noche.<\/p>\n","protected":false},"author":3,"featured_media":12298,"comment_status":"closed","ping_status":"closed","sticky":false,"template":"","format":"standard","meta":{"footnotes":""},"categories":[5],"tags":[],"class_list":{"0":"post-12297","1":"post","2":"type-post","3":"status-publish","4":"format-standard","5":"has-post-thumbnail","7":"category-noticias"},"_links":{"self":[{"href":"https:\/\/www.prwrestling.com\/nw\/wp-json\/wp\/v2\/posts\/12297","targetHints":{"allow":["GET"]}}],"collection":[{"href":"https:\/\/www.prwrestling.com\/nw\/wp-json\/wp\/v2\/posts"}],"about":[{"href":"https:\/\/www.prwrestling.com\/nw\/wp-json\/wp\/v2\/types\/post"}],"author":[{"embeddable":true,"href":"https:\/\/www.prwrestling.com\/nw\/wp-json\/wp\/v2\/users\/3"}],"replies":[{"embeddable":true,"href":"https:\/\/www.prwrestling.com\/nw\/wp-json\/wp\/v2\/comments?post=12297"}],"version-history":[{"count":1,"href":"https:\/\/www.prwrestling.com\/nw\/wp-json\/wp\/v2\/posts\/12297\/revisions"}],"predecessor-version":[{"id":12299,"href":"https:\/\/www.prwrestling.com\/nw\/wp-json\/wp\/v2\/posts\/12297\/revisions\/12299"}],"wp:featuredmedia":[{"embeddable":true,"href":"https:\/\/www.prwrestling.com\/nw\/wp-json\/wp\/v2\/media\/12298"}],"wp:attachment":[{"href":"https:\/\/www.prwrestling.com\/nw\/wp-json\/wp\/v2\/media?parent=12297"}],"wp:term":[{"taxonomy":"category","embeddable":true,"href":"https:\/\/www.prwrestling.com\/nw\/wp-json\/wp\/v2\/categories?post=12297"},{"taxonomy":"post_tag","embeddable":true,"href":"https:\/\/www.prwrestling.com\/nw\/wp-json\/wp\/v2\/tags?post=12297"}],"curies":[{"name":"wp","href":"https:\/\/api.w.org\/{rel}","templated":true}]}}