{"id":123207,"date":"2020-04-23T20:00:01","date_gmt":"2020-04-24T00:00:01","guid":{"rendered":"https:\/\/www.prwrestling.com\/nw\/?p=123207"},"modified":"2020-04-23T20:00:01","modified_gmt":"2020-04-24T00:00:01","slug":"triple-h-quiere-que-wrestlemania-siga-celebrandose-en-dos-noches","status":"publish","type":"post","link":"https:\/\/www.prwrestling.com\/nw\/triple-h-quiere-que-wrestlemania-siga-celebrandose-en-dos-noches\/","title":{"rendered":"Triple H quiere que WrestleMania siga celebr\u00e1ndose en dos noches"},"content":{"rendered":"<p>Corey Graves entrevist\u00f3 a Triple H en After The Bell para hablar sobre WrestleMania y su experiencia al verlo desde el Performance Center sin fan\u00e1ticos. <!--more--><div id=\"ad-slot\" style=\"min-width: 300px; min-height: 250px;\">\r\n<p style=\"text-align: center;\">\r\n<script async src=\"https:\/\/pagead2.googlesyndication.com\/pagead\/js\/adsbygoogle.js\"><\/script>\r\n<!-- 300x250 sc a -->\r\n<ins class=\"adsbygoogle\"\r\n     style=\"display:inline-block;width:300px;height:250px\"\r\n     data-ad-client=\"ca-pub-1244235910658811\"\r\n     data-ad-slot=\"8592682546\"><\/ins>\r\n<script>\r\n     (adsbygoogle = window.adsbygoogle || []).push({});\r\n<\/script><\/center>\r\n<\/p><\/div><br \/>\nTras ver que el evento se celebr\u00f3 en dos noches, Triple H dijo que ha hablado sobre la idea de tener WrestleMania durante m\u00e1s de un d\u00eda antes de esta pasada edici\u00f3n, y \u00e9l dio m\u00e1s detalles sobre la idea. <\/p>\n<p>&#8220;Bueno, quiero decir que mi opini\u00f3n es mi opini\u00f3n, pero creo que fue mucho m\u00e1s agradable que la extravagancia de ocho horas&#8221;, admiti\u00f3 Triple H. &#8220;Creo que en alg\u00fan momento eso probablemente sea lo que deber\u00eda ser. Simplemente se ha vuelto tan grande. Cuando lo piensas, en cierto modo, comenz\u00f3 como un concierto que termin\u00f3 siendo un festival, y es algo que dura una semana. Cuando lo piensas de esa manera ahora, ya sabes, el jueves habr\u00eda sido Sal\u00f3n de la Fama, el viernes fue Smackdown, el s\u00e1bado ser\u00eda Takeover, el domingo habr\u00eda sido WrestleMania [y] el lunes habr\u00eda sido RAW. Es un festival de una semana, y creo que la gran atracci\u00f3n del escenario principal debe ser esas dos noches y ser\u00eda este fin de semana de eventos.\u201d<\/p>\n<p>&#8220;Creo que probablemente sea un cambio que el caos viene del genio y tal vez ese es el genio de todo. Creo que la gente en el mundo miraba cosas como esas y dec\u00edan, &#8216;\u00bfpor qu\u00e9 no lo hacen dos noches?\u2019 Ah\u00ed tienen, dos noches,&#8221; dijo.<\/p>\n","protected":false},"excerpt":{"rendered":"<p>Corey Graves entrevist\u00f3 a Triple H en After The Bell para hablar sobre WrestleMania y su experiencia al verlo desde el Performance Center sin fan\u00e1ticos.<\/p>\n","protected":false},"author":3,"featured_media":299,"comment_status":"open","ping_status":"closed","sticky":false,"template":"","format":"standard","meta":{"footnotes":""},"categories":[5,38],"tags":[],"class_list":{"0":"post-123207","1":"post","2":"type-post","3":"status-publish","4":"format-standard","5":"has-post-thumbnail","7":"category-noticias","8":"category-noticias-y-rumores-de-la-wwe"},"_links":{"self":[{"href":"https:\/\/www.prwrestling.com\/nw\/wp-json\/wp\/v2\/posts\/123207","targetHints":{"allow":["GET"]}}],"collection":[{"href":"https:\/\/www.prwrestling.com\/nw\/wp-json\/wp\/v2\/posts"}],"about":[{"href":"https:\/\/www.prwrestling.com\/nw\/wp-json\/wp\/v2\/types\/post"}],"author":[{"embeddable":true,"href":"https:\/\/www.prwrestling.com\/nw\/wp-json\/wp\/v2\/users\/3"}],"replies":[{"embeddable":true,"href":"https:\/\/www.prwrestling.com\/nw\/wp-json\/wp\/v2\/comments?post=123207"}],"version-history":[{"count":1,"href":"https:\/\/www.prwrestling.com\/nw\/wp-json\/wp\/v2\/posts\/123207\/revisions"}],"predecessor-version":[{"id":123208,"href":"https:\/\/www.prwrestling.com\/nw\/wp-json\/wp\/v2\/posts\/123207\/revisions\/123208"}],"wp:featuredmedia":[{"embeddable":true,"href":"https:\/\/www.prwrestling.com\/nw\/wp-json\/wp\/v2\/media\/299"}],"wp:attachment":[{"href":"https:\/\/www.prwrestling.com\/nw\/wp-json\/wp\/v2\/media?parent=123207"}],"wp:term":[{"taxonomy":"category","embeddable":true,"href":"https:\/\/www.prwrestling.com\/nw\/wp-json\/wp\/v2\/categories?post=123207"},{"taxonomy":"post_tag","embeddable":true,"href":"https:\/\/www.prwrestling.com\/nw\/wp-json\/wp\/v2\/tags?post=123207"}],"curies":[{"name":"wp","href":"https:\/\/api.w.org\/{rel}","templated":true}]}}