{"id":123210,"date":"2020-04-23T22:13:02","date_gmt":"2020-04-24T02:13:02","guid":{"rendered":"https:\/\/www.prwrestling.com\/nw\/?p=123210"},"modified":"2020-04-23T22:13:02","modified_gmt":"2020-04-24T02:13:02","slug":"vince-dice-los-talentos-ven-como-un-desafio-luchar-en-estos-tiempos","status":"publish","type":"post","link":"https:\/\/www.prwrestling.com\/nw\/vince-dice-los-talentos-ven-como-un-desafio-luchar-en-estos-tiempos\/","title":{"rendered":"Vince dice los talentos ven como un &#8220;desaf\u00edo&#8221; luchar en estos tiempos"},"content":{"rendered":"<p>El presidente y CEO de WWE, Vince McMahon, atendi\u00f3 preguntas y respuestas de los inversionistas luego del reporte de ganancias de la empresa en este pasado primer cuarto del a\u00f1o.<!--more--><div id=\"ad-slot\" style=\"min-width: 300px; min-height: 250px;\">\r\n<p style=\"text-align: center;\">\r\n<script async src=\"https:\/\/pagead2.googlesyndication.com\/pagead\/js\/adsbygoogle.js\"><\/script>\r\n<!-- 300x250 sc a -->\r\n<ins class=\"adsbygoogle\"\r\n     style=\"display:inline-block;width:300px;height:250px\"\r\n     data-ad-client=\"ca-pub-1244235910658811\"\r\n     data-ad-slot=\"8592682546\"><\/ins>\r\n<script>\r\n     (adsbygoogle = window.adsbygoogle || []).push({});\r\n<\/script><\/center>\r\n<\/p><\/div><br \/>\nVince habl\u00f3 sobre c\u00f3mo todo lo que hacen depende de la audiencia, y en este momento no tienen eso. Luego elogi\u00f3 el talento por hacer que las cosas funcionen sin audiencia durante la situaci\u00f3n actual.<\/p>\n<p>&#8220;Tengo que felicitar a todos nuestros luchadores&#8221;, dijo Vince. &#8220;Est\u00e1n trabajando muy duro, y cuando est\u00e1s en el ring normalmente est\u00e1s jugando con una audiencia en vivo, y no hay nadie all\u00ed ahora. Es diferente, pero nuestros talentos est\u00e1n trabajando muy duro. Estamos tratando de producir un gran producto consideraci\u00f3n de d\u00f3nde estamos&#8221;.<\/p>\n<p>M\u00e1s tarde se le pregunt\u00f3 a Vince sobre la moral del talento durante estos tiempos.<\/p>\n<p>&#8220;Nuestro \u00fanico recurso natural, obviamente, es el talento, y nuestro talento lo ha tomado como un desaf\u00edo, lo han tomado casi como un deber, lo que siempre ha sucedido con nosotros&#8221;, dijo Vince. &#8220;Y se dan cuenta de que, ya sabes &#8230; las personas est\u00e1n sentadas en casa, est\u00e1n aburridas &#8230; y el hecho de que podemos entretener a las familias juntas como nadie m\u00e1s puede entretenerlas. Entonces, creo que ven esto como un desaf\u00edo y realmente han estado a la altura de las circunstancias. Es asombroso en realidad,\u201d dijo.<\/p>\n","protected":false},"excerpt":{"rendered":"<p>El presidente y CEO de WWE, Vince McMahon, atendi\u00f3 preguntas y respuestas de los inversionistas luego del reporte de ganancias de la empresa en este pasado primer cuarto del a\u00f1o.<\/p>\n","protected":false},"author":1,"featured_media":123211,"comment_status":"open","ping_status":"closed","sticky":false,"template":"","format":"standard","meta":{"footnotes":""},"categories":[5,38],"tags":[1359,9],"class_list":{"0":"post-123210","1":"post","2":"type-post","3":"status-publish","4":"format-standard","5":"has-post-thumbnail","7":"category-noticias","8":"category-noticias-y-rumores-de-la-wwe","9":"tag-vince-mcmahon","10":"tag-wwe"},"_links":{"self":[{"href":"https:\/\/www.prwrestling.com\/nw\/wp-json\/wp\/v2\/posts\/123210","targetHints":{"allow":["GET"]}}],"collection":[{"href":"https:\/\/www.prwrestling.com\/nw\/wp-json\/wp\/v2\/posts"}],"about":[{"href":"https:\/\/www.prwrestling.com\/nw\/wp-json\/wp\/v2\/types\/post"}],"author":[{"embeddable":true,"href":"https:\/\/www.prwrestling.com\/nw\/wp-json\/wp\/v2\/users\/1"}],"replies":[{"embeddable":true,"href":"https:\/\/www.prwrestling.com\/nw\/wp-json\/wp\/v2\/comments?post=123210"}],"version-history":[{"count":1,"href":"https:\/\/www.prwrestling.com\/nw\/wp-json\/wp\/v2\/posts\/123210\/revisions"}],"predecessor-version":[{"id":123212,"href":"https:\/\/www.prwrestling.com\/nw\/wp-json\/wp\/v2\/posts\/123210\/revisions\/123212"}],"wp:featuredmedia":[{"embeddable":true,"href":"https:\/\/www.prwrestling.com\/nw\/wp-json\/wp\/v2\/media\/123211"}],"wp:attachment":[{"href":"https:\/\/www.prwrestling.com\/nw\/wp-json\/wp\/v2\/media?parent=123210"}],"wp:term":[{"taxonomy":"category","embeddable":true,"href":"https:\/\/www.prwrestling.com\/nw\/wp-json\/wp\/v2\/categories?post=123210"},{"taxonomy":"post_tag","embeddable":true,"href":"https:\/\/www.prwrestling.com\/nw\/wp-json\/wp\/v2\/tags?post=123210"}],"curies":[{"name":"wp","href":"https:\/\/api.w.org\/{rel}","templated":true}]}}