{"id":123300,"date":"2020-04-27T08:55:50","date_gmt":"2020-04-27T12:55:50","guid":{"rendered":"https:\/\/www.prwrestling.com\/nw\/?p=123300"},"modified":"2020-04-27T08:55:50","modified_gmt":"2020-04-27T12:55:50","slug":"lance-storm-no-cierra-la-puerta-a-regreso-para-lucha-final-de-jericho","status":"publish","type":"post","link":"https:\/\/www.prwrestling.com\/nw\/lance-storm-no-cierra-la-puerta-a-regreso-para-lucha-final-de-jericho\/","title":{"rendered":"Lance Storm no cierra la puerta a regreso para lucha final de Jericho"},"content":{"rendered":"<p>Un fan\u00e1tico en Twitter le pregunt\u00f3 al ex productor de WWE y ex luchador Lance Storm si todav\u00eda planea ser el oponente final en la carrera de la superestrella de AEW, Chris Jericho. <!--more--><div id=\"ad-slot\" style=\"min-width: 300px; min-height: 250px;\">\r\n<p style=\"text-align: center;\">\r\n<script async src=\"https:\/\/pagead2.googlesyndication.com\/pagead\/js\/adsbygoogle.js\"><\/script>\r\n<!-- 300x250 sc a -->\r\n<ins class=\"adsbygoogle\"\r\n     style=\"display:inline-block;width:300px;height:250px\"\r\n     data-ad-client=\"ca-pub-1244235910658811\"\r\n     data-ad-slot=\"8592682546\"><\/ins>\r\n<script>\r\n     (adsbygoogle = window.adsbygoogle || []).push({});\r\n<\/script><\/center>\r\n<\/p><\/div><br \/>\nLa pregunta es debido a que Storm fue el primer oponente en la carrera de Le Champion a principios de los 90, y ambos hombres se encontraron en m\u00faltiples ocasiones a lo largo de sus campa\u00f1as. Jericho ha mencionado en el pasado que si pudiera controlar la situaci\u00f3n, le gustar\u00eda terminar ante Storm.<\/p>\n<p>Storm confirm\u00f3 que \u00e9l y Jericho han discutido verse en el ring por \u00faltima vez, lo que ser\u00eda la primera pelea de Storm desde su retiro en el 2016. Escribi\u00f3: &#8220;Ambos hemos hablado de hacer eso&#8221;, as\u00ed que parece que la puerta no ha sido cerrada.<\/p>\n<blockquote class=\"twitter-tweet\">\n<p dir=\"ltr\" lang=\"en\">We\u2019ve both talked about doing that <a href=\"https:\/\/t.co\/sKTotIsIsr\">https:\/\/t.co\/sKTotIsIsr<\/a><\/p>\n<p>\u2014 Lance Storm (@LanceStorm) <a href=\"https:\/\/twitter.com\/LanceStorm\/status\/1254507831367065600?ref_src=twsrc%5Etfw\" target=\"_blank\" rel=\"noopener\">April 26, 2020<\/a><\/p><\/blockquote>\n<p><script async src=\"https:\/\/platform.twitter.com\/widgets.js\" charset=\"utf-8\"><\/script><\/p>\n","protected":false},"excerpt":{"rendered":"<p>Un fan\u00e1tico en Twitter le pregunt\u00f3 al ex productor de WWE y ex luchador Lance Storm si todav\u00eda planea ser el oponente final en la carrera de la superestrella de AEW, Chris Jericho.<\/p>\n","protected":false},"author":1,"featured_media":123301,"comment_status":"open","ping_status":"closed","sticky":false,"template":"","format":"standard","meta":{"footnotes":""},"categories":[5,1],"tags":[4304],"class_list":{"0":"post-123300","1":"post","2":"type-post","3":"status-publish","4":"format-standard","5":"has-post-thumbnail","7":"category-noticias","8":"category-all-elite-wrestling","9":"tag-lance-storm"},"_links":{"self":[{"href":"https:\/\/www.prwrestling.com\/nw\/wp-json\/wp\/v2\/posts\/123300","targetHints":{"allow":["GET"]}}],"collection":[{"href":"https:\/\/www.prwrestling.com\/nw\/wp-json\/wp\/v2\/posts"}],"about":[{"href":"https:\/\/www.prwrestling.com\/nw\/wp-json\/wp\/v2\/types\/post"}],"author":[{"embeddable":true,"href":"https:\/\/www.prwrestling.com\/nw\/wp-json\/wp\/v2\/users\/1"}],"replies":[{"embeddable":true,"href":"https:\/\/www.prwrestling.com\/nw\/wp-json\/wp\/v2\/comments?post=123300"}],"version-history":[{"count":1,"href":"https:\/\/www.prwrestling.com\/nw\/wp-json\/wp\/v2\/posts\/123300\/revisions"}],"predecessor-version":[{"id":123302,"href":"https:\/\/www.prwrestling.com\/nw\/wp-json\/wp\/v2\/posts\/123300\/revisions\/123302"}],"wp:featuredmedia":[{"embeddable":true,"href":"https:\/\/www.prwrestling.com\/nw\/wp-json\/wp\/v2\/media\/123301"}],"wp:attachment":[{"href":"https:\/\/www.prwrestling.com\/nw\/wp-json\/wp\/v2\/media?parent=123300"}],"wp:term":[{"taxonomy":"category","embeddable":true,"href":"https:\/\/www.prwrestling.com\/nw\/wp-json\/wp\/v2\/categories?post=123300"},{"taxonomy":"post_tag","embeddable":true,"href":"https:\/\/www.prwrestling.com\/nw\/wp-json\/wp\/v2\/tags?post=123300"}],"curies":[{"name":"wp","href":"https:\/\/api.w.org\/{rel}","templated":true}]}}