{"id":123317,"date":"2020-04-27T20:38:59","date_gmt":"2020-04-28T00:38:59","guid":{"rendered":"https:\/\/www.prwrestling.com\/nw\/?p=123317"},"modified":"2020-04-27T20:38:59","modified_gmt":"2020-04-28T00:38:59","slug":"gerald-brisco-entre-los-despedidos-por-wwe","status":"publish","type":"post","link":"https:\/\/www.prwrestling.com\/nw\/gerald-brisco-entre-los-despedidos-por-wwe\/","title":{"rendered":"Gerald Brisco entre los despedidos por WWE"},"content":{"rendered":"<p>El miembro del Sal\u00f3n de la Fama de la WWE, Gerald Brisco, tambi\u00e9n form\u00f3 parte de los recientes recortes presupuestarios de la WWE, seg\u00fan Dave Meltzer de F4Wonline.com.<!--more--><div id=\"ad-slot\" style=\"min-width: 300px; min-height: 250px;\">\r\n<p style=\"text-align: center;\">\r\n<script async src=\"https:\/\/pagead2.googlesyndication.com\/pagead\/js\/adsbygoogle.js\"><\/script>\r\n<!-- 300x250 sc a -->\r\n<ins class=\"adsbygoogle\"\r\n     style=\"display:inline-block;width:300px;height:250px\"\r\n     data-ad-client=\"ca-pub-1244235910658811\"\r\n     data-ad-slot=\"8592682546\"><\/ins>\r\n<script>\r\n     (adsbygoogle = window.adsbygoogle || []).push({});\r\n<\/script><\/center>\r\n<\/p><\/div><br \/>\nEl legendario Brisco, que tuvo una carrera muy exitosa antes de unirse a WWE, hab\u00eda estado con la compa\u00f1\u00eda desde el 1984. Fue incluido en el Sal\u00f3n en 2008, y obtuvo el T\u00edtulo WWE 24\/7 y el T\u00edtulo WWE Hardcore.<\/p>\n<p>Brisco, de 73 a\u00f1os, ocup\u00f3 m\u00faltiples puestos en la WWE a lo largo de los a\u00f1os, y trabaj\u00f3 como reclutador de talentos en WWE, y en la marca NXT desde el 2010. Regres\u00f3 en RAW Reunion en julio de 2019 y gan\u00f3 el t\u00edtulo 24\/7 esa noche.<\/p>\n<p>Todav\u00eda no se sabe nada sobre los detalles que rodean la salida de Brisco, pero \u00e9l tuite\u00f3 el 15 de abril, el d\u00eda de los otros despidos, y escribi\u00f3: &#8220;Mi coraz\u00f3n se rompe por toda mi familia de la lucha libre de Wwe que fue despedida hoy, tanto talento y habilidad tanto en el ring y el personal se dedic\u00f3 a brindarle el mejor producto posible. Todos los podran superarse, no pueden quitarle el talento. Lo mejor para todos &#8220;.<\/p>\n","protected":false},"excerpt":{"rendered":"<p>El miembro del Sal\u00f3n de la Fama de la WWE, Gerald Brisco, tambi\u00e9n form\u00f3 parte de los recientes recortes presupuestarios de la WWE, seg\u00fan Dave Meltzer de F4Wonline.com.<\/p>\n","protected":false},"author":1,"featured_media":123318,"comment_status":"open","ping_status":"closed","sticky":false,"template":"","format":"standard","meta":{"footnotes":""},"categories":[5,38],"tags":[],"class_list":{"0":"post-123317","1":"post","2":"type-post","3":"status-publish","4":"format-standard","5":"has-post-thumbnail","7":"category-noticias","8":"category-noticias-y-rumores-de-la-wwe"},"_links":{"self":[{"href":"https:\/\/www.prwrestling.com\/nw\/wp-json\/wp\/v2\/posts\/123317","targetHints":{"allow":["GET"]}}],"collection":[{"href":"https:\/\/www.prwrestling.com\/nw\/wp-json\/wp\/v2\/posts"}],"about":[{"href":"https:\/\/www.prwrestling.com\/nw\/wp-json\/wp\/v2\/types\/post"}],"author":[{"embeddable":true,"href":"https:\/\/www.prwrestling.com\/nw\/wp-json\/wp\/v2\/users\/1"}],"replies":[{"embeddable":true,"href":"https:\/\/www.prwrestling.com\/nw\/wp-json\/wp\/v2\/comments?post=123317"}],"version-history":[{"count":1,"href":"https:\/\/www.prwrestling.com\/nw\/wp-json\/wp\/v2\/posts\/123317\/revisions"}],"predecessor-version":[{"id":123319,"href":"https:\/\/www.prwrestling.com\/nw\/wp-json\/wp\/v2\/posts\/123317\/revisions\/123319"}],"wp:featuredmedia":[{"embeddable":true,"href":"https:\/\/www.prwrestling.com\/nw\/wp-json\/wp\/v2\/media\/123318"}],"wp:attachment":[{"href":"https:\/\/www.prwrestling.com\/nw\/wp-json\/wp\/v2\/media?parent=123317"}],"wp:term":[{"taxonomy":"category","embeddable":true,"href":"https:\/\/www.prwrestling.com\/nw\/wp-json\/wp\/v2\/categories?post=123317"},{"taxonomy":"post_tag","embeddable":true,"href":"https:\/\/www.prwrestling.com\/nw\/wp-json\/wp\/v2\/tags?post=123317"}],"curies":[{"name":"wp","href":"https:\/\/api.w.org\/{rel}","templated":true}]}}