{"id":123346,"date":"2020-04-28T16:55:01","date_gmt":"2020-04-28T20:55:01","guid":{"rendered":"https:\/\/www.prwrestling.com\/nw\/?p=123346"},"modified":"2020-04-28T16:55:01","modified_gmt":"2020-04-28T20:55:01","slug":"aiden-english-habla-sobre-su-salida-de-wwe","status":"publish","type":"post","link":"https:\/\/www.prwrestling.com\/nw\/aiden-english-habla-sobre-su-salida-de-wwe\/","title":{"rendered":"Aiden English habla sobre su salida de WWE"},"content":{"rendered":"<p>La ex estrella de la WWE, Aiden English, habl\u00f3 con Inside The Ropes para discutir su reciente liberaci\u00f3n de la compa\u00f1\u00eda debido a los recortes.<!--more--><div id=\"ad-slot\" style=\"min-width: 300px; min-height: 250px;\">\r\n<p style=\"text-align: center;\">\r\n<script async src=\"https:\/\/pagead2.googlesyndication.com\/pagead\/js\/adsbygoogle.js\"><\/script>\r\n<!-- 300x250 sc a -->\r\n<ins class=\"adsbygoogle\"\r\n     style=\"display:inline-block;width:300px;height:250px\"\r\n     data-ad-client=\"ca-pub-1244235910658811\"\r\n     data-ad-slot=\"8592682546\"><\/ins>\r\n<script>\r\n     (adsbygoogle = window.adsbygoogle || []).push({});\r\n<\/script><\/center>\r\n<\/p><\/div><br \/>\n&#8220;Honestamente, me sent\u00ed afortunado de llegar tan lejos, en una posici\u00f3n tan \u00fanica, pero te muestra el alcance de esta pandemia y cu\u00e1nto efecto tiene en literalmente todos,&#8221; dijo.<\/p>\n<p>El luchador tambi\u00e9n habl\u00f3\u00a0sobre el ambiente actual ahora que est\u00e1 desempleado:<\/p>\n<p>&#8220;Esa es la parte m\u00e1s dif\u00edcil. Con todo lo que sucede, es dif\u00edcil comenzar, porque no hay eventos de lucha libre, no hay eventos de ning\u00fan tipo, y me di cuenta de todas mis habilidades, entre la actuaci\u00f3n, la lucha libre,\u00a0 el desempe\u00f1o, todos involucran grandes multitudes, generalmente hablando, o al menos multitudes m\u00e1s peque\u00f1as, por lo que es dif\u00edcil.<\/p>\n","protected":false},"excerpt":{"rendered":"<p>La ex estrella de la WWE, Aiden English, habl\u00f3 con Inside The Ropes para discutir su reciente liberaci\u00f3n de la compa\u00f1\u00eda debido a los recortes.<\/p>\n","protected":false},"author":1,"featured_media":104617,"comment_status":"open","ping_status":"closed","sticky":false,"template":"","format":"standard","meta":{"footnotes":""},"categories":[5,38],"tags":[],"class_list":{"0":"post-123346","1":"post","2":"type-post","3":"status-publish","4":"format-standard","5":"has-post-thumbnail","7":"category-noticias","8":"category-noticias-y-rumores-de-la-wwe"},"_links":{"self":[{"href":"https:\/\/www.prwrestling.com\/nw\/wp-json\/wp\/v2\/posts\/123346","targetHints":{"allow":["GET"]}}],"collection":[{"href":"https:\/\/www.prwrestling.com\/nw\/wp-json\/wp\/v2\/posts"}],"about":[{"href":"https:\/\/www.prwrestling.com\/nw\/wp-json\/wp\/v2\/types\/post"}],"author":[{"embeddable":true,"href":"https:\/\/www.prwrestling.com\/nw\/wp-json\/wp\/v2\/users\/1"}],"replies":[{"embeddable":true,"href":"https:\/\/www.prwrestling.com\/nw\/wp-json\/wp\/v2\/comments?post=123346"}],"version-history":[{"count":0,"href":"https:\/\/www.prwrestling.com\/nw\/wp-json\/wp\/v2\/posts\/123346\/revisions"}],"wp:featuredmedia":[{"embeddable":true,"href":"https:\/\/www.prwrestling.com\/nw\/wp-json\/wp\/v2\/media\/104617"}],"wp:attachment":[{"href":"https:\/\/www.prwrestling.com\/nw\/wp-json\/wp\/v2\/media?parent=123346"}],"wp:term":[{"taxonomy":"category","embeddable":true,"href":"https:\/\/www.prwrestling.com\/nw\/wp-json\/wp\/v2\/categories?post=123346"},{"taxonomy":"post_tag","embeddable":true,"href":"https:\/\/www.prwrestling.com\/nw\/wp-json\/wp\/v2\/tags?post=123346"}],"curies":[{"name":"wp","href":"https:\/\/api.w.org\/{rel}","templated":true}]}}