{"id":123397,"date":"2020-04-30T12:55:18","date_gmt":"2020-04-30T16:55:18","guid":{"rendered":"https:\/\/www.prwrestling.com\/nw\/?p=123397"},"modified":"2020-04-30T12:55:18","modified_gmt":"2020-04-30T16:55:18","slug":"andrade-revela-su-razon-para-querer-quitarle-la-mascara-a-mysterio","status":"publish","type":"post","link":"https:\/\/www.prwrestling.com\/nw\/andrade-revela-su-razon-para-querer-quitarle-la-mascara-a-mysterio\/","title":{"rendered":"Andrade revela su raz\u00f3n para querer quitarle la m\u00e1scara a Mysterio"},"content":{"rendered":"<p>Andrade iba tras la m\u00e1scara de Mysterio desde que lleg\u00f3 a la WWE, incluso logr\u00f3 quitarsela de la cara una o dos veces. <!--more-->Hay una raz\u00f3n por la que Andrade quer\u00eda esa m\u00e1scara de Mysterio, y es bastante espec\u00edfica.<div id=\"ad-slot\" style=\"min-width: 300px; min-height: 250px;\">\r\n<p style=\"text-align: center;\">\r\n<script async src=\"https:\/\/pagead2.googlesyndication.com\/pagead\/js\/adsbygoogle.js\"><\/script>\r\n<!-- 300x250 sc a -->\r\n<ins class=\"adsbygoogle\"\r\n     style=\"display:inline-block;width:300px;height:250px\"\r\n     data-ad-client=\"ca-pub-1244235910658811\"\r\n     data-ad-slot=\"8592682546\"><\/ins>\r\n<script>\r\n     (adsbygoogle = window.adsbygoogle || []).push({});\r\n<\/script><\/center>\r\n<\/p><\/div><br \/>\nAntes de que Andrade fuera una superestrella de la WWE, era un luchador enmascarado llamado La Sombra, hasta que la perdi\u00f3 en una lucha en M\u00e9xico y se dirigi\u00f3 a la WWE.<\/p>\n<p>Andrade revel\u00f3 a <a href=\"http:\/\/fightful.com\/\" target=\"_blank\" rel=\"noopener\">Fightful<\/a> que la motivaci\u00f3n de su personaje para querer la m\u00e1scara de Mysterio estaba enraizada en su propio dolor al perder la m\u00e1scara de La Sombra. <span style=\"color: #ffffff;\"><a style=\"color: #ffffff;\" href=\"http:\/\/www.prwrestling.com\">Noticias WWE<\/a><\/span><\/p>\n<p>Explic\u00f3: &#8220;Andrade habl\u00f3 de la tradici\u00f3n y la historia de la m\u00e1scara, y usa un collar con su vieja m\u00e1scara. \u00c9l dice que su personaje arranc\u00f3 la m\u00e1scara de Rey Mysterio porque quer\u00eda algo con qu\u00e9 terminar Mysterio. Estaba personalmente enojado cuando perdi\u00f3 su propia m\u00e1scara, por lo que desde el punto de vista del personaje, quer\u00eda que eso le sucediera a Mysterio.&#8221;<\/p>\n<p>Es muy interesante saber la motivaci\u00f3n ya que nunca fue explicada en la televisi\u00f3n. Mysterio coment\u00f3 recientemente que est\u00e1 abierto a exponer su m\u00e1scara, y quien sabe si Andrade ser\u00e1 la persona en poder conquistarla.<\/p>\n<p>\u00bfCrees que Rey Mysterio deber\u00eda perder su m\u00e1scara antes de retirarse? \u00a1Comenta abajo!<\/p>\n","protected":false},"excerpt":{"rendered":"<p>Andrade iba tras la m\u00e1scara de Mysterio desde que lleg\u00f3 a la WWE, incluso logr\u00f3 quitarsela de la cara una o dos veces.<\/p>\n","protected":false},"author":1,"featured_media":123398,"comment_status":"open","ping_status":"closed","sticky":false,"template":"","format":"standard","meta":{"footnotes":""},"categories":[5,38],"tags":[1965,9],"class_list":{"0":"post-123397","1":"post","2":"type-post","3":"status-publish","4":"format-standard","5":"has-post-thumbnail","7":"category-noticias","8":"category-noticias-y-rumores-de-la-wwe","9":"tag-andrade","10":"tag-wwe"},"_links":{"self":[{"href":"https:\/\/www.prwrestling.com\/nw\/wp-json\/wp\/v2\/posts\/123397","targetHints":{"allow":["GET"]}}],"collection":[{"href":"https:\/\/www.prwrestling.com\/nw\/wp-json\/wp\/v2\/posts"}],"about":[{"href":"https:\/\/www.prwrestling.com\/nw\/wp-json\/wp\/v2\/types\/post"}],"author":[{"embeddable":true,"href":"https:\/\/www.prwrestling.com\/nw\/wp-json\/wp\/v2\/users\/1"}],"replies":[{"embeddable":true,"href":"https:\/\/www.prwrestling.com\/nw\/wp-json\/wp\/v2\/comments?post=123397"}],"version-history":[{"count":1,"href":"https:\/\/www.prwrestling.com\/nw\/wp-json\/wp\/v2\/posts\/123397\/revisions"}],"predecessor-version":[{"id":123399,"href":"https:\/\/www.prwrestling.com\/nw\/wp-json\/wp\/v2\/posts\/123397\/revisions\/123399"}],"wp:featuredmedia":[{"embeddable":true,"href":"https:\/\/www.prwrestling.com\/nw\/wp-json\/wp\/v2\/media\/123398"}],"wp:attachment":[{"href":"https:\/\/www.prwrestling.com\/nw\/wp-json\/wp\/v2\/media?parent=123397"}],"wp:term":[{"taxonomy":"category","embeddable":true,"href":"https:\/\/www.prwrestling.com\/nw\/wp-json\/wp\/v2\/categories?post=123397"},{"taxonomy":"post_tag","embeddable":true,"href":"https:\/\/www.prwrestling.com\/nw\/wp-json\/wp\/v2\/tags?post=123397"}],"curies":[{"name":"wp","href":"https:\/\/api.w.org\/{rel}","templated":true}]}}