{"id":123493,"date":"2020-05-04T19:11:00","date_gmt":"2020-05-04T23:11:00","guid":{"rendered":"https:\/\/www.prwrestling.com\/nw\/?p=123493"},"modified":"2020-05-04T19:11:00","modified_gmt":"2020-05-04T23:11:00","slug":"ryder-revela-su-estado-contractual-antes-de-wwe-liberarlo","status":"publish","type":"post","link":"https:\/\/www.prwrestling.com\/nw\/ryder-revela-su-estado-contractual-antes-de-wwe-liberarlo\/","title":{"rendered":"Ryder revela su estado contractual antes de WWE liberarlo"},"content":{"rendered":"<p>Zack Ryder fue liberado de la WWE, pero lo vio venir. <!--more-->Mientras hablaba con Busted Open Radio, Matt Cardona revel\u00f3 que no hab\u00eda firmado un nuevo contrato con WWE en el momento de su liberaci\u00f3n. <div id=\"ad-slot\" style=\"min-width: 300px; min-height: 250px;\">\r\n<p style=\"text-align: center;\">\r\n<script async src=\"https:\/\/pagead2.googlesyndication.com\/pagead\/js\/adsbygoogle.js\"><\/script>\r\n<!-- 300x250 sc a -->\r\n<ins class=\"adsbygoogle\"\r\n     style=\"display:inline-block;width:300px;height:250px\"\r\n     data-ad-client=\"ca-pub-1244235910658811\"\r\n     data-ad-slot=\"8592682546\"><\/ins>\r\n<script>\r\n     (adsbygoogle = window.adsbygoogle || []).push({});\r\n<\/script><\/center>\r\n<\/p><\/div><br \/>\n\u201cNo s\u00e9 si he dicho esto antes, nunca volv\u00ed a firmar mi contrato, por lo que mi acuerdo iba a terminar en agosto y hab\u00eda estado lidiando con las negociaciones del contrato durante m\u00e1s de un a\u00f1o y la ansiedad que ten\u00eda sobre \u00bfMe quedo? \u00bfDebo irme? \u00bfMe quedo? \u00bfDebo irme? Realmente me estaba comiendo. Entonces, cuando se hizo esa llamada y fui liberado, la decisi\u00f3n fue tomada por m\u00ed, as\u00ed que al instante me sent\u00ed aliviado, \u00bfsabes lo que estoy diciendo? Debido a la ansiedad que tuve durante m\u00e1s de un a\u00f1o inconscientemente, conscientemente, desapareci\u00f3 al instante y me sent\u00ed tan emocionado porque quiero trabajar, quiero hacer cosas, quiero ser creativo,\u201d dijo.<\/p>\n<p>Cardona a\u00f1adi\u00f3 que est\u00e1 emocionado de su nueva etapa como independiente. <\/p>\n<p>\u201cEntr\u00e9 (a WWE) cuando ten\u00eda 20 a\u00f1os. Yo crec\u00ed all\u00ed. Crec\u00ed como luchador, crec\u00ed como hombre, pero es hora de salir y hacerlo a mi manera y hacerlo m\u00edo, fracasar por mi cuenta, tener \u00e9xito por mi cuenta. Siento que es la ma\u00f1ana de Navidad,\u201d dijo.<\/p>\n","protected":false},"excerpt":{"rendered":"<p>Zack Ryder fue liberado de la WWE, pero lo vio venir.<\/p>\n","protected":false},"author":1,"featured_media":110298,"comment_status":"open","ping_status":"closed","sticky":false,"template":"","format":"standard","meta":{"footnotes":""},"categories":[5,38],"tags":[9,4293],"class_list":{"0":"post-123493","1":"post","2":"type-post","3":"status-publish","4":"format-standard","5":"has-post-thumbnail","7":"category-noticias","8":"category-noticias-y-rumores-de-la-wwe","9":"tag-wwe","10":"tag-zack-ryder"},"_links":{"self":[{"href":"https:\/\/www.prwrestling.com\/nw\/wp-json\/wp\/v2\/posts\/123493","targetHints":{"allow":["GET"]}}],"collection":[{"href":"https:\/\/www.prwrestling.com\/nw\/wp-json\/wp\/v2\/posts"}],"about":[{"href":"https:\/\/www.prwrestling.com\/nw\/wp-json\/wp\/v2\/types\/post"}],"author":[{"embeddable":true,"href":"https:\/\/www.prwrestling.com\/nw\/wp-json\/wp\/v2\/users\/1"}],"replies":[{"embeddable":true,"href":"https:\/\/www.prwrestling.com\/nw\/wp-json\/wp\/v2\/comments?post=123493"}],"version-history":[{"count":1,"href":"https:\/\/www.prwrestling.com\/nw\/wp-json\/wp\/v2\/posts\/123493\/revisions"}],"predecessor-version":[{"id":123494,"href":"https:\/\/www.prwrestling.com\/nw\/wp-json\/wp\/v2\/posts\/123493\/revisions\/123494"}],"wp:featuredmedia":[{"embeddable":true,"href":"https:\/\/www.prwrestling.com\/nw\/wp-json\/wp\/v2\/media\/110298"}],"wp:attachment":[{"href":"https:\/\/www.prwrestling.com\/nw\/wp-json\/wp\/v2\/media?parent=123493"}],"wp:term":[{"taxonomy":"category","embeddable":true,"href":"https:\/\/www.prwrestling.com\/nw\/wp-json\/wp\/v2\/categories?post=123493"},{"taxonomy":"post_tag","embeddable":true,"href":"https:\/\/www.prwrestling.com\/nw\/wp-json\/wp\/v2\/tags?post=123493"}],"curies":[{"name":"wp","href":"https:\/\/api.w.org\/{rel}","templated":true}]}}