{"id":124083,"date":"2020-05-26T09:20:18","date_gmt":"2020-05-26T13:20:18","guid":{"rendered":"https:\/\/www.prwrestling.com\/nw\/?p=124083"},"modified":"2020-05-26T09:20:18","modified_gmt":"2020-05-26T13:20:18","slug":"matt-hardy-compara-a-darby-allin-con-su-hermano-jeff","status":"publish","type":"post","link":"https:\/\/www.prwrestling.com\/nw\/matt-hardy-compara-a-darby-allin-con-su-hermano-jeff\/","title":{"rendered":"Matt Hardy compara a Darby Allin con su hermano Jeff"},"content":{"rendered":"<p>Muchos han comparado a Darby Allin de AEW con un joven Jeff Hardy y nadie ser\u00eda un mejor juez de esa comparaci\u00f3n que Matt Hardy. <!--more--><div id=\"ad-slot\" style=\"min-width: 300px; min-height: 250px;\">\r\n<p style=\"text-align: center;\">\r\n<!-- Site name: prwrestling.com\r\nZone name: prwrestling.com_banner_300x250\r\nZone id: 2109741734\r\nType: banner\r\nFormat: 300x250\r\n --> \r\n\r\n<!-- Copy and paste this code on the page. -->\r\n<div id='zone_2109741734' ><\/div>\r\n<script>\r\n    (function(w,d,o,g,r,a,m){\r\n        var cid='zone_2109741734';\r\n        w[r]=w[r]||function(){(w[r+'l']=w[r+'l']||[]).push(arguments)};\r\n        function e(b,w,r){if((w[r+'h']=b.pop())&&!w.ABN){\r\n            var a=d.createElement(o),p=d.getElementsByTagName(o)[0];a.async=1;\r\n            a.src='https:\/\/cdn.'+w[r+'h']+'\/libs\/e.js';a.onerror=function(){e(g,w,r)};\r\n            p.parentNode.insertBefore(a,p)}}e(g,w,r);\r\n        w[r](cid,{id:2109741734,domain:w[r+'h']});\r\n    })(window,document,'script',['traffmovie.com'],'ABNS');\r\n<\/script>\r\n\r\n<!--\r\nWhen setting the zone code, make sure:\r\n  - you have provided all domains from which the area code will be called\r\n  - the site does not limit the loading in the Content Security Policy\r\n  - the area code is installed in the ad space inside the page\r\n  - site layout allows you to display the banner on mobile devices in full size\r\nUse data-cp1={customParam1} data-cp2={customParam2}... attributes for sending custom params\r\n-->\r\n<\/p><\/div><br \/>\nHardy se uni\u00f3 recientemente a AEW y habl\u00f3 sobre la comparaci\u00f3n Allin-Jeff Hardy en el podcast diario de The Wrestling Inc.<\/p>\n<p>&#8220;S\u00ed, veo eso y Jericho realmente me lo dijo antes de ir a AEW&#8221;, revel\u00f3 Hardy. &#8220;Despu\u00e9s de conocer a Darby y hablar con \u00e9l fuera de c\u00e1mara, \u00e9l tiene tantas cualidades que mi hermano tiene. Realmente tiene el esp\u00edritu de &#8216;Hey, esto es lo que soy. Si te gusto, es genial. Si no, no lo hago &#8216;me importa mie#@&#8217;. \u00c9l es despreocupado en esa mentalidad y es una persona genial que no se asusta. Me recuerda mucho a un joven Jeff Hardy &#8220;.<\/p>\n<p>Hardy ha resucitado Vanguard 1 en AEW y se le pregunt\u00f3 sobre el origen de la misma cuando la idea se concibi\u00f3 en Impact.<\/p>\n<p>&#8220;Era el dron de Jeremy Borash y mencionamos incorporarlo en algo similar a mi sirviente doble o leal. JB ten\u00eda algunos drones de los que iba a deshacerse y, en el momento, tuvimos algunos drones volando cerca de la casa de mi hermano y por la ventana. Los estaba golpeando con una guitarra y los estaba sacando del aire &#8220;, record\u00f3 Hardy. &#8220;Mucha gente piensa que fue CGI, pero todo fue real con los viejos drones que ten\u00eda JB,&#8221; dijo.<\/p>\n","protected":false},"excerpt":{"rendered":"<p>Muchos han comparado a Darby Allin de AEW con un joven Jeff Hardy y nadie ser\u00eda un mejor juez de esa comparaci\u00f3n que Matt Hardy.<\/p>\n","protected":false},"author":1,"featured_media":124084,"comment_status":"open","ping_status":"closed","sticky":false,"template":"","format":"standard","meta":{"footnotes":""},"categories":[5,1],"tags":[1908,1354],"class_list":["post-124083","post","type-post","status-publish","format-standard","has-post-thumbnail","category-noticias","category-all-elite-wrestling","tag-matt-hardy","tag-aew"],"_links":{"self":[{"href":"https:\/\/www.prwrestling.com\/nw\/wp-json\/wp\/v2\/posts\/124083","targetHints":{"allow":["GET"]}}],"collection":[{"href":"https:\/\/www.prwrestling.com\/nw\/wp-json\/wp\/v2\/posts"}],"about":[{"href":"https:\/\/www.prwrestling.com\/nw\/wp-json\/wp\/v2\/types\/post"}],"author":[{"embeddable":true,"href":"https:\/\/www.prwrestling.com\/nw\/wp-json\/wp\/v2\/users\/1"}],"replies":[{"embeddable":true,"href":"https:\/\/www.prwrestling.com\/nw\/wp-json\/wp\/v2\/comments?post=124083"}],"version-history":[{"count":1,"href":"https:\/\/www.prwrestling.com\/nw\/wp-json\/wp\/v2\/posts\/124083\/revisions"}],"predecessor-version":[{"id":124085,"href":"https:\/\/www.prwrestling.com\/nw\/wp-json\/wp\/v2\/posts\/124083\/revisions\/124085"}],"wp:featuredmedia":[{"embeddable":true,"href":"https:\/\/www.prwrestling.com\/nw\/wp-json\/wp\/v2\/media\/124084"}],"wp:attachment":[{"href":"https:\/\/www.prwrestling.com\/nw\/wp-json\/wp\/v2\/media?parent=124083"}],"wp:term":[{"taxonomy":"category","embeddable":true,"href":"https:\/\/www.prwrestling.com\/nw\/wp-json\/wp\/v2\/categories?post=124083"},{"taxonomy":"post_tag","embeddable":true,"href":"https:\/\/www.prwrestling.com\/nw\/wp-json\/wp\/v2\/tags?post=124083"}],"curies":[{"name":"wp","href":"https:\/\/api.w.org\/{rel}","templated":true}]}}