{"id":124158,"date":"2020-05-29T12:22:51","date_gmt":"2020-05-29T16:22:51","guid":{"rendered":"https:\/\/www.prwrestling.com\/nw\/?p=124158"},"modified":"2020-05-29T12:28:39","modified_gmt":"2020-05-29T16:28:39","slug":"undertake-revela-no-confiaba-en-hulk-hogan","status":"publish","type":"post","link":"https:\/\/www.prwrestling.com\/nw\/undertake-revela-no-confiaba-en-hulk-hogan\/","title":{"rendered":"Undertaker revela no confiaba en Hulk Hogan"},"content":{"rendered":"<p>The Undertaker discuti\u00f3 recientemente su relaci\u00f3n con Hulk Hogan con ESPN.<!--more--> Aparentemente, El Deadman dice que Hogan minti\u00f3 sobre una lesi\u00f3n en el cuello que afirm\u00f3 sufrir en Survivor Series 1991 producto de una Tombstone.<div id=\"ad-slot\" style=\"min-width: 300px; min-height: 250px;\">\r\n<p style=\"text-align: center;\">\r\n<script async src=\"https:\/\/pagead2.googlesyndication.com\/pagead\/js\/adsbygoogle.js\"><\/script>\r\n<!-- 300x250 sc a -->\r\n<ins class=\"adsbygoogle\"\r\n     style=\"display:inline-block;width:300px;height:250px\"\r\n     data-ad-client=\"ca-pub-1244235910658811\"\r\n     data-ad-slot=\"8592682546\"><\/ins>\r\n<script>\r\n     (adsbygoogle = window.adsbygoogle || []).push({});\r\n<\/script><\/center>\r\n<\/p><\/div><br \/>\n&#8220;Finalmente, llegu\u00e9 a San Antonio, y dije: &#8220;\u00a1Terry, lo vi de nuevo (el pietaje), tu cabeza nunca se golpe\u00f3!&#8221; \u00c9l dice: &#8220;Hermano, fue que me ten\u00edas tan apretado, que cuando bajamos, no ten\u00eda a d\u00f3nde moverme, y eso fue lo que me atasc\u00f3 el cuello. No pude moverme en absoluto &#8220;. En ese momento, pens\u00e9: &#8220;Est\u00e1 bien&#8221;, me di cuenta de lo que se trataba, y eso es todo lo que necesitaba saber.&#8221;<\/p>\n<p>Cuando se trataba de su amistad, nunca hubo realmente nada all\u00ed. De hecho, The Undertaker mostraba un poco de cautela al interactuar con Hogan.<\/p>\n<p>\u201cNo fui demasiado amigable, pero, ya sabes, si \u00e9l estaba en la arena, siempre me aseguraba de saludarlo y entablar una conversaci\u00f3n con \u00e9l. Pero, ya sabes, siempre, como dije, desde ese martes en Texas, cuando recib\u00ed esa respuesta, sab\u00eda todo lo que necesitaba saber sobre \u00e9l. Y luego, ya sabes, as\u00ed es siempre &#8230; mi radar siempre estaba activado cada vez que ten\u00eda que interactuar con \u00e9l,&#8221; dijo.<\/p>\n","protected":false},"excerpt":{"rendered":"<p>The Undertaker discuti\u00f3 recientemente su relaci\u00f3n con Hulk Hogan con ESPN.<\/p>\n","protected":false},"author":1,"featured_media":28310,"comment_status":"open","ping_status":"closed","sticky":false,"template":"","format":"standard","meta":{"footnotes":""},"categories":[5,38],"tags":[9],"class_list":{"0":"post-124158","1":"post","2":"type-post","3":"status-publish","4":"format-standard","5":"has-post-thumbnail","7":"category-noticias","8":"category-noticias-y-rumores-de-la-wwe","9":"tag-wwe"},"_links":{"self":[{"href":"https:\/\/www.prwrestling.com\/nw\/wp-json\/wp\/v2\/posts\/124158","targetHints":{"allow":["GET"]}}],"collection":[{"href":"https:\/\/www.prwrestling.com\/nw\/wp-json\/wp\/v2\/posts"}],"about":[{"href":"https:\/\/www.prwrestling.com\/nw\/wp-json\/wp\/v2\/types\/post"}],"author":[{"embeddable":true,"href":"https:\/\/www.prwrestling.com\/nw\/wp-json\/wp\/v2\/users\/1"}],"replies":[{"embeddable":true,"href":"https:\/\/www.prwrestling.com\/nw\/wp-json\/wp\/v2\/comments?post=124158"}],"version-history":[{"count":4,"href":"https:\/\/www.prwrestling.com\/nw\/wp-json\/wp\/v2\/posts\/124158\/revisions"}],"predecessor-version":[{"id":124165,"href":"https:\/\/www.prwrestling.com\/nw\/wp-json\/wp\/v2\/posts\/124158\/revisions\/124165"}],"wp:featuredmedia":[{"embeddable":true,"href":"https:\/\/www.prwrestling.com\/nw\/wp-json\/wp\/v2\/media\/28310"}],"wp:attachment":[{"href":"https:\/\/www.prwrestling.com\/nw\/wp-json\/wp\/v2\/media?parent=124158"}],"wp:term":[{"taxonomy":"category","embeddable":true,"href":"https:\/\/www.prwrestling.com\/nw\/wp-json\/wp\/v2\/categories?post=124158"},{"taxonomy":"post_tag","embeddable":true,"href":"https:\/\/www.prwrestling.com\/nw\/wp-json\/wp\/v2\/tags?post=124158"}],"curies":[{"name":"wp","href":"https:\/\/api.w.org\/{rel}","templated":true}]}}