{"id":124188,"date":"2020-05-30T12:25:06","date_gmt":"2020-05-30T16:25:06","guid":{"rendered":"https:\/\/www.prwrestling.com\/nw\/?p=124188"},"modified":"2020-05-30T12:32:20","modified_gmt":"2020-05-30T16:32:20","slug":"roman-reigns-se-expresa-sobre-la-injusticia-racial","status":"publish","type":"post","link":"https:\/\/www.prwrestling.com\/nw\/roman-reigns-se-expresa-sobre-la-injusticia-racial\/","title":{"rendered":"Roman Reigns se expresa sobre la injusticia racial"},"content":{"rendered":"<p>La muerte de George Floyd provoc\u00f3 un grito de guerra en los Estados Unidos. <!--more-->Los disturbios estallaron en varias ciudades estadounidenses por injusticia racial y se han visto propiedades en fuego y comercios saqueados en medio de protestas. <div id=\"ad-slot\" style=\"min-width: 300px; min-height: 250px;\">\r\n<p style=\"text-align: center;\">\r\n<script async src=\"https:\/\/pagead2.googlesyndication.com\/pagead\/js\/adsbygoogle.js\"><\/script>\r\n<!-- 300x250 sc a -->\r\n<ins class=\"adsbygoogle\"\r\n     style=\"display:inline-block;width:300px;height:250px\"\r\n     data-ad-client=\"ca-pub-1244235910658811\"\r\n     data-ad-slot=\"8592682546\"><\/ins>\r\n<script>\r\n     (adsbygoogle = window.adsbygoogle || []).push({});\r\n<\/script><\/center>\r\n<\/p><\/div><br \/>\nRoman Reigns est\u00e1 de acuerdo en que &#8220;Black Lives Matter&#8221; y que deber\u00eda haber justicia para George Floyd.<\/p>\n<p>&#8220;El racismo est\u00e1 mal. No hay \u00e1rea gris aqu\u00ed. EST\u00c1 MAL. Ense\u00f1e a sus hijos esto todos los d\u00edas, para que podamos librarnos a nosotros mismos y a nuestro futuro de esta enfermedad que pone fin a la vida. #JusticiaForGeorgeFlyod #BlacklivesMaters,&#8221; expres\u00f3 Reigns via Twitter.<\/p>\n","protected":false},"excerpt":{"rendered":"<p>La muerte de George Floyd provoc\u00f3 un grito de guerra en los Estados Unidos.<\/p>\n","protected":false},"author":1,"featured_media":112561,"comment_status":"open","ping_status":"closed","sticky":false,"template":"","format":"standard","meta":{"footnotes":""},"categories":[5,38],"tags":[],"class_list":{"0":"post-124188","1":"post","2":"type-post","3":"status-publish","4":"format-standard","5":"has-post-thumbnail","7":"category-noticias","8":"category-noticias-y-rumores-de-la-wwe"},"_links":{"self":[{"href":"https:\/\/www.prwrestling.com\/nw\/wp-json\/wp\/v2\/posts\/124188","targetHints":{"allow":["GET"]}}],"collection":[{"href":"https:\/\/www.prwrestling.com\/nw\/wp-json\/wp\/v2\/posts"}],"about":[{"href":"https:\/\/www.prwrestling.com\/nw\/wp-json\/wp\/v2\/types\/post"}],"author":[{"embeddable":true,"href":"https:\/\/www.prwrestling.com\/nw\/wp-json\/wp\/v2\/users\/1"}],"replies":[{"embeddable":true,"href":"https:\/\/www.prwrestling.com\/nw\/wp-json\/wp\/v2\/comments?post=124188"}],"version-history":[{"count":2,"href":"https:\/\/www.prwrestling.com\/nw\/wp-json\/wp\/v2\/posts\/124188\/revisions"}],"predecessor-version":[{"id":124190,"href":"https:\/\/www.prwrestling.com\/nw\/wp-json\/wp\/v2\/posts\/124188\/revisions\/124190"}],"wp:featuredmedia":[{"embeddable":true,"href":"https:\/\/www.prwrestling.com\/nw\/wp-json\/wp\/v2\/media\/112561"}],"wp:attachment":[{"href":"https:\/\/www.prwrestling.com\/nw\/wp-json\/wp\/v2\/media?parent=124188"}],"wp:term":[{"taxonomy":"category","embeddable":true,"href":"https:\/\/www.prwrestling.com\/nw\/wp-json\/wp\/v2\/categories?post=124188"},{"taxonomy":"post_tag","embeddable":true,"href":"https:\/\/www.prwrestling.com\/nw\/wp-json\/wp\/v2\/tags?post=124188"}],"curies":[{"name":"wp","href":"https:\/\/api.w.org\/{rel}","templated":true}]}}