{"id":124238,"date":"2020-06-01T09:11:08","date_gmt":"2020-06-01T13:11:08","guid":{"rendered":"https:\/\/www.prwrestling.com\/nw\/?p=124238"},"modified":"2020-06-01T09:12:49","modified_gmt":"2020-06-01T13:12:49","slug":"rollins-comenta-sobre-la-transicion-del-undertaker-a-mark-calaway","status":"publish","type":"post","link":"https:\/\/www.prwrestling.com\/nw\/rollins-comenta-sobre-la-transicion-del-undertaker-a-mark-calaway\/","title":{"rendered":"Rollins comenta sobre la transici\u00f3n del Undertaker a Mark Calaway"},"content":{"rendered":"<p>Seth Rollins se uni\u00f3 a Corey Graves en After The Bell, donde los dos hablaron sobre las docuseries The Last Ride.<!--more--><div id=\"ad-slot\" style=\"min-width: 300px; min-height: 250px;\">\r\n<p style=\"text-align: center;\">\r\n<script async src=\"https:\/\/pagead2.googlesyndication.com\/pagead\/js\/adsbygoogle.js\"><\/script>\r\n<!-- 300x250 sc a -->\r\n<ins class=\"adsbygoogle\"\r\n     style=\"display:inline-block;width:300px;height:250px\"\r\n     data-ad-client=\"ca-pub-1244235910658811\"\r\n     data-ad-slot=\"8592682546\"><\/ins>\r\n<script>\r\n     (adsbygoogle = window.adsbygoogle || []).push({});\r\n<\/script><\/center>\r\n<\/p><\/div><br \/>\n&#8220;Creo que lo m\u00e1s inteligente con Taker es que lo hizo en el momento adecuado de su carrera. Entonces, t\u00fa, de 12 a\u00f1os, si hubieran mostrado The Last Ride cuando ten\u00eda 12 a\u00f1os, habr\u00eda arruinado todo&#8221;, dijo Rollins. &#8220;Arruinar\u00eda todo el asunto, pero no ten\u00edamos eso en ese entonces, y \u00e9l no estaba en el mejor momento de su carrera porque su personaje no funciona hoy&#8221;.<\/p>\n<p>&#8220;Hay algunas excepciones raras. Bray Wyatt viene a la mente desde una perspectiva de un ultra-personaje que se desliza un poco o recibe un pase, pero el personaje de The Undertaker es tan sobrenatural. As\u00ed que ahora cuando est\u00e1 en este punto en su vida donde se siente c\u00f3modo haciendo la transici\u00f3n del personaje de Undertaker a solo Mark Calaway. Creo que est\u00e1 bien. Me hace bien cuando lo veo, cuando lo veo como un ser humano,&#8221; dijo.<\/p>\n<p>Graves y Rollins tambi\u00e9n discutieron la transici\u00f3n de The Undertaker despu\u00e9s de su Boneyard Match contra AJ Styles.<\/p>\n<p> &#8220;No fue como si un d\u00eda fuera &#8216;The Deadman&#8221;, al d\u00eda siguiente, aqu\u00ed est\u00e1&#8217; The Last Ride &#8216;. Us\u00f3 esta historia con AJ Styles para llevarlo a este lugar donde est\u00e1. Ahora tambi\u00e9n puede ser The Undertaker en las redes sociales. The Undertaker puede tener un Instagram y cosas as\u00ed,\u201d dijo.<\/p>\n","protected":false},"excerpt":{"rendered":"<p>Seth Rollins se uni\u00f3 a Corey Graves en After The Bell, donde los dos hablaron sobre las docuseries The Last Ride.<\/p>\n","protected":false},"author":1,"featured_media":110873,"comment_status":"open","ping_status":"closed","sticky":false,"template":"","format":"standard","meta":{"footnotes":""},"categories":[5,38],"tags":[9,4584],"class_list":{"0":"post-124238","1":"post","2":"type-post","3":"status-publish","4":"format-standard","5":"has-post-thumbnail","7":"category-noticias","8":"category-noticias-y-rumores-de-la-wwe","9":"tag-wwe","10":"tag-wwe-seth-rollins"},"_links":{"self":[{"href":"https:\/\/www.prwrestling.com\/nw\/wp-json\/wp\/v2\/posts\/124238","targetHints":{"allow":["GET"]}}],"collection":[{"href":"https:\/\/www.prwrestling.com\/nw\/wp-json\/wp\/v2\/posts"}],"about":[{"href":"https:\/\/www.prwrestling.com\/nw\/wp-json\/wp\/v2\/types\/post"}],"author":[{"embeddable":true,"href":"https:\/\/www.prwrestling.com\/nw\/wp-json\/wp\/v2\/users\/1"}],"replies":[{"embeddable":true,"href":"https:\/\/www.prwrestling.com\/nw\/wp-json\/wp\/v2\/comments?post=124238"}],"version-history":[{"count":2,"href":"https:\/\/www.prwrestling.com\/nw\/wp-json\/wp\/v2\/posts\/124238\/revisions"}],"predecessor-version":[{"id":124241,"href":"https:\/\/www.prwrestling.com\/nw\/wp-json\/wp\/v2\/posts\/124238\/revisions\/124241"}],"wp:featuredmedia":[{"embeddable":true,"href":"https:\/\/www.prwrestling.com\/nw\/wp-json\/wp\/v2\/media\/110873"}],"wp:attachment":[{"href":"https:\/\/www.prwrestling.com\/nw\/wp-json\/wp\/v2\/media?parent=124238"}],"wp:term":[{"taxonomy":"category","embeddable":true,"href":"https:\/\/www.prwrestling.com\/nw\/wp-json\/wp\/v2\/categories?post=124238"},{"taxonomy":"post_tag","embeddable":true,"href":"https:\/\/www.prwrestling.com\/nw\/wp-json\/wp\/v2\/tags?post=124238"}],"curies":[{"name":"wp","href":"https:\/\/api.w.org\/{rel}","templated":true}]}}