{"id":124279,"date":"2020-06-03T15:48:46","date_gmt":"2020-06-03T19:48:46","guid":{"rendered":"https:\/\/www.prwrestling.com\/nw\/?p=124279"},"modified":"2020-06-03T15:48:46","modified_gmt":"2020-06-03T19:48:46","slug":"punk-no-estuvo-de-acuerdo-con-el-segmento-de-jeff-hardy-en-smackdown","status":"publish","type":"post","link":"https:\/\/www.prwrestling.com\/nw\/punk-no-estuvo-de-acuerdo-con-el-segmento-de-jeff-hardy-en-smackdown\/","title":{"rendered":"Punk no estuvo de acuerdo con el segmento de Jeff Hardy en Smackdown"},"content":{"rendered":"<p>CM Punk vio WWE Friday Night SmackDown la semana pasada, as\u00ed que tuvo mucho de qu\u00e9 hablar en WWE Backstage esta semana. <!--more--><div id=\"ad-slot\" style=\"min-width: 300px; min-height: 250px;\">\r\n<p style=\"text-align: center;\">\r\n<script async src=\"https:\/\/pagead2.googlesyndication.com\/pagead\/js\/adsbygoogle.js\"><\/script>\r\n<!-- 300x250 sc a -->\r\n<ins class=\"adsbygoogle\"\r\n     style=\"display:inline-block;width:300px;height:250px\"\r\n     data-ad-client=\"ca-pub-1244235910658811\"\r\n     data-ad-slot=\"8592682546\"><\/ins>\r\n<script>\r\n     (adsbygoogle = window.adsbygoogle || []).push({});\r\n<\/script><\/center>\r\n<\/p><\/div><br \/>\nCuando el segmento del accidente DUI de Hardy fue mencionado, Punk dijo que no estuvo de acuerdo con que WWE pusiera a Jeff Hardy en esa posici\u00f3n.<\/p>\n<p>&#8220;Hablo por experiencia porque trabaj\u00e9 mucho con Jeff. \u00c9l, en ese momento, no estaba en un gran lugar mental y f\u00edsicamente. Mi problema con esta historia es que la sobriedad de alguien es muy fr\u00e1gil e importante. Jeff estaba de acuerdo con esto y \u00e9l dio luz verde. Para m\u00ed, es la responsabilidad estar al frente de eso, ya sea la compa\u00f1\u00eda o un escritor, y decir &#8220;no, no haremos eso&#8221;. Limpiar tu vida y estar sobrio, podemos defender eso en muchas maneras. No lo pones delante de un autom\u00f3vil en movimiento &#8220;.<\/p>\n<p>CM Punk no est\u00e1 solo en este sentimiento. Otros luchadores y fanaticos consideraron el segmento como un poco ins\u00edpido, incluyendo a Matt Hardy y su esposa Reby. <\/p>\n","protected":false},"excerpt":{"rendered":"<p>CM Punk vio WWE Friday Night SmackDown la semana pasada, as\u00ed que tuvo mucho de qu\u00e9 hablar en WWE Backstage esta semana.<\/p>\n","protected":false},"author":1,"featured_media":118793,"comment_status":"open","ping_status":"closed","sticky":false,"template":"","format":"standard","meta":{"footnotes":""},"categories":[5,38],"tags":[9],"class_list":{"0":"post-124279","1":"post","2":"type-post","3":"status-publish","4":"format-standard","5":"has-post-thumbnail","7":"category-noticias","8":"category-noticias-y-rumores-de-la-wwe","9":"tag-wwe"},"_links":{"self":[{"href":"https:\/\/www.prwrestling.com\/nw\/wp-json\/wp\/v2\/posts\/124279","targetHints":{"allow":["GET"]}}],"collection":[{"href":"https:\/\/www.prwrestling.com\/nw\/wp-json\/wp\/v2\/posts"}],"about":[{"href":"https:\/\/www.prwrestling.com\/nw\/wp-json\/wp\/v2\/types\/post"}],"author":[{"embeddable":true,"href":"https:\/\/www.prwrestling.com\/nw\/wp-json\/wp\/v2\/users\/1"}],"replies":[{"embeddable":true,"href":"https:\/\/www.prwrestling.com\/nw\/wp-json\/wp\/v2\/comments?post=124279"}],"version-history":[{"count":1,"href":"https:\/\/www.prwrestling.com\/nw\/wp-json\/wp\/v2\/posts\/124279\/revisions"}],"predecessor-version":[{"id":124280,"href":"https:\/\/www.prwrestling.com\/nw\/wp-json\/wp\/v2\/posts\/124279\/revisions\/124280"}],"wp:featuredmedia":[{"embeddable":true,"href":"https:\/\/www.prwrestling.com\/nw\/wp-json\/wp\/v2\/media\/118793"}],"wp:attachment":[{"href":"https:\/\/www.prwrestling.com\/nw\/wp-json\/wp\/v2\/media?parent=124279"}],"wp:term":[{"taxonomy":"category","embeddable":true,"href":"https:\/\/www.prwrestling.com\/nw\/wp-json\/wp\/v2\/categories?post=124279"},{"taxonomy":"post_tag","embeddable":true,"href":"https:\/\/www.prwrestling.com\/nw\/wp-json\/wp\/v2\/tags?post=124279"}],"curies":[{"name":"wp","href":"https:\/\/api.w.org\/{rel}","templated":true}]}}