{"id":124316,"date":"2020-06-04T19:28:27","date_gmt":"2020-06-04T23:28:27","guid":{"rendered":"https:\/\/www.prwrestling.com\/nw\/?p=124316"},"modified":"2020-06-04T19:31:13","modified_gmt":"2020-06-04T23:31:13","slug":"reporte-mas-talentos-de-nxt-al-roster-regular-incierto-el-futuro-de-adam-cole-en-wwe","status":"publish","type":"post","link":"https:\/\/www.prwrestling.com\/nw\/reporte-mas-talentos-de-nxt-al-roster-regular-incierto-el-futuro-de-adam-cole-en-wwe\/","title":{"rendered":"Reporte: M\u00e1s talentos de NXT al roster regular; Incierto el futuro de Adam Cole en WWE"},"content":{"rendered":"<p><a href=\"http:\/\/wrestlinginc.com\" target=\"_blank\" rel=\"noopener\">Wrestling Inc<\/a>. reporta dos nuevos nombres de talentos de NXT que subir\u00e1n al roster regular de la WWE.<!--more--><div id=\"ad-slot\" style=\"min-width: 300px; min-height: 250px;\">\r\n<p style=\"text-align: center;\">\r\n<script async src=\"https:\/\/pagead2.googlesyndication.com\/pagead\/js\/adsbygoogle.js\"><\/script>\r\n<!-- 300x250 sc a -->\r\n<ins class=\"adsbygoogle\"\r\n     style=\"display:inline-block;width:300px;height:250px\"\r\n     data-ad-client=\"ca-pub-1244235910658811\"\r\n     data-ad-slot=\"8592682546\"><\/ins>\r\n<script>\r\n     (adsbygoogle = window.adsbygoogle || []).push({});\r\n<\/script><\/center>\r\n<\/p><\/div><br \/>\nSeg\u00fan el reporte, Io Shirai y The Velveteen Dream suenan para debutar pronto en la marca de Raw o Smackdown. Ellos se unir\u00edan a Matt Riddle, quien va rumbo a Smackdown, junto a Dominik Dijakovic y Chelsea Green, quienes se rumora que pronto dan el salto.<\/p>\n<h2><strong>\u00bfCole en sus \u00faltimos meses?<\/strong><\/h2>\n<p>Tambi\u00e9n se reporta que el campe\u00f3n de NXT, Adam Cole, a\u00fan no ha firmado un nuevo acuerdo con WWE. El contrato de Cole expira en agosto, y uno supondr\u00eda que AEW estar\u00eda interesado en firmarlo. Cole era miembro del Bullet Club con The Young Bucks, Kenny Omega y Adam Page, y su novia, Britt Baker, es una estrella en AEW. Baker dijo recientemente que espera que Cole pueda reunirse con el Elite.<\/p>\n<p>Si Cole no vuelve a firmar con WWE, ser\u00eda un agente libre a tiempo para el evento de AEW All Out en septiembre.<\/p>\n","protected":false},"excerpt":{"rendered":"<p>Wrestling Inc. reporta dos nuevos nombres de talentos de NXT que subir\u00e1n al roster regular de la WWE.<\/p>\n","protected":false},"author":1,"featured_media":118557,"comment_status":"open","ping_status":"closed","sticky":false,"template":"","format":"standard","meta":{"footnotes":""},"categories":[5,38],"tags":[9],"class_list":{"0":"post-124316","1":"post","2":"type-post","3":"status-publish","4":"format-standard","5":"has-post-thumbnail","7":"category-noticias","8":"category-noticias-y-rumores-de-la-wwe","9":"tag-wwe"},"_links":{"self":[{"href":"https:\/\/www.prwrestling.com\/nw\/wp-json\/wp\/v2\/posts\/124316","targetHints":{"allow":["GET"]}}],"collection":[{"href":"https:\/\/www.prwrestling.com\/nw\/wp-json\/wp\/v2\/posts"}],"about":[{"href":"https:\/\/www.prwrestling.com\/nw\/wp-json\/wp\/v2\/types\/post"}],"author":[{"embeddable":true,"href":"https:\/\/www.prwrestling.com\/nw\/wp-json\/wp\/v2\/users\/1"}],"replies":[{"embeddable":true,"href":"https:\/\/www.prwrestling.com\/nw\/wp-json\/wp\/v2\/comments?post=124316"}],"version-history":[{"count":3,"href":"https:\/\/www.prwrestling.com\/nw\/wp-json\/wp\/v2\/posts\/124316\/revisions"}],"predecessor-version":[{"id":124319,"href":"https:\/\/www.prwrestling.com\/nw\/wp-json\/wp\/v2\/posts\/124316\/revisions\/124319"}],"wp:featuredmedia":[{"embeddable":true,"href":"https:\/\/www.prwrestling.com\/nw\/wp-json\/wp\/v2\/media\/118557"}],"wp:attachment":[{"href":"https:\/\/www.prwrestling.com\/nw\/wp-json\/wp\/v2\/media?parent=124316"}],"wp:term":[{"taxonomy":"category","embeddable":true,"href":"https:\/\/www.prwrestling.com\/nw\/wp-json\/wp\/v2\/categories?post=124316"},{"taxonomy":"post_tag","embeddable":true,"href":"https:\/\/www.prwrestling.com\/nw\/wp-json\/wp\/v2\/tags?post=124316"}],"curies":[{"name":"wp","href":"https:\/\/api.w.org\/{rel}","templated":true}]}}