{"id":12446,"date":"2017-04-10T15:45:13","date_gmt":"2017-04-10T19:45:13","guid":{"rendered":"http:\/\/prwrestling.com\/nw\/?p=12446"},"modified":"2017-04-10T15:45:13","modified_gmt":"2017-04-10T19:45:13","slug":"wwe-contacto-a-del-rio-sacan-a-ric-flair-de-barra-avance-de-rusev-y-kingston","status":"publish","type":"post","link":"https:\/\/www.prwrestling.com\/nw\/wwe-contacto-a-del-rio-sacan-a-ric-flair-de-barra-avance-de-rusev-y-kingston\/","title":{"rendered":"WWE CONTACT\u00d3 A DEL RIO; SACAN A RIC FLAIR DE BARRA, AVANCE DE RUSEV Y KINGSTON"},"content":{"rendered":"<p><a href=\"http:\/\/prwrestling.com\/nw\/wp-content\/uploads\/2017\/02\/wwe-logo-5.jpg\" target=\"_blank\" rel=\"noopener\"><img data-dominant-color=\"d8d6d8\" data-has-transparency=\"false\" style=\"--dominant-color: #d8d6d8;\" loading=\"lazy\" decoding=\"async\" class=\"alignnone  wp-image-11897 not-transparent\" alt=\"wwe-logo-5\" src=\"http:\/\/prwrestling.com\/nw\/wp-content\/uploads\/2017\/02\/wwe-logo-5.jpg\" width=\"431\" height=\"210\" srcset=\"https:\/\/www.prwrestling.com\/nw\/wp-content\/uploads\/2017\/02\/wwe-logo-5.jpg 615w, https:\/\/www.prwrestling.com\/nw\/wp-content\/uploads\/2017\/02\/wwe-logo-5-300x146.jpg 300w, https:\/\/www.prwrestling.com\/nw\/wp-content\/uploads\/2017\/02\/wwe-logo-5-150x73.jpg 150w, https:\/\/www.prwrestling.com\/nw\/wp-content\/uploads\/2017\/02\/wwe-logo-5-450x220.jpg 450w\" sizes=\"auto, (max-width: 431px) 100vw, 431px\" \/><\/a><\/p>\n<p><em>Durante el fin de semana, Alberto Del R\u00edo public\u00f3 un nuevo video en Periscope donde afirm\u00f3 que la WWE le contact\u00f3 acerca de un regreso a la compa\u00f1\u00eda antes de su debut en Impact Wrestling.<!--more--><\/em> <script type=\"text\/javascript\">\n    google_ad_client = \"ca-pub-4432518938189770\";\n    google_ad_slot = \"8848533845\";\n    google_ad_width = 300;\n    google_ad_height = 250;\n<\/script><br \/>\n<!-- 300 x 200 - rpeortajes --><br \/>\n<script type=\"text\/javascript\"\nsrc=\"\/\/pagead2.googlesyndication.com\/pagead\/show_ads.js\">\n<\/script><br \/>\nPWInsider.com est\u00e1 informando que de acuerdo a fuentes dentro de la WWE y las alegaciones de Del R\u00edo son ciertas y todo fue por idea de Vince McMahon.<\/p>\n<p>Ric Flair fue presuntamente expulsado de un bar llamado &#8220;The Deck at the Gas House&#8221; en Fort Wayne, Indiana el domingo por la noche despu\u00e9s de llamar a uno de los camareros como &#8220;Fat Ass&#8221;. No se conocen otros detalles sobre el incidente en este momento. El siguiente comentario fue hecho en la p\u00e1gina de Facebook de la barra de un visitante: ( CONTINUA ABAJO ) <script type=\"text\/javascript\">\n    google_ad_client = \"ca-pub-4432518938189770\";\n    google_ad_slot = \"8848533845\";\n    google_ad_width = 300;\n    google_ad_height = 250;\n<\/script><br \/>\n<!-- 300 x 200 - rpeortajes --><br \/>\n<script type=\"text\/javascript\"\nsrc=\"\/\/pagead2.googlesyndication.com\/pagead\/show_ads.js\">\n<\/script><br \/>\n&#8220;S\u00f3lo quer\u00eda decir que creo que es incre\u00edble que un empleado tuviera el apoyo los dem\u00e1s empleados cuando estaban siendo maltratados por un cliente ( Ric Flair ). Es agradable ver un establecimiento de pie para sus empleados. Nadie debe tener que lidiar con el maltrato en el trabajo. Me hace querer entrar all\u00ed m\u00e1s a menudo&#8221;.<\/p>\n<p>Lana confirm\u00f3 que Rusev fue operado del hombre y regresar\u00e1 de 2 a cuatro meses a la WWE.<\/p>\n<p>Kofi Kingston sufri\u00f3 una lesi\u00f3n en el tobillo y necesitar\u00e1 cirug\u00eda. Todo esto surge por el ataque que recibi\u00f3 por parte de The Revival. <script type=\"text\/javascript\">\n    google_ad_client = \"ca-pub-4432518938189770\";\n    google_ad_slot = \"8848533845\";\n    google_ad_width = 300;\n    google_ad_height = 250;\n<\/script><br \/>\n<!-- 300 x 200 - rpeortajes --><br \/>\n<script type=\"text\/javascript\"\nsrc=\"\/\/pagead2.googlesyndication.com\/pagead\/show_ads.js\">\n<\/script><\/p>\n","protected":false},"excerpt":{"rendered":"<p>Durante el fin de semana, Alberto Del R\u00edo public\u00f3 un nuevo video en Periscope donde afirm\u00f3 que la WWE le contact\u00f3 acerca de un regreso a la compa\u00f1\u00eda antes de su debut en Impact Wrestling.<\/p>\n","protected":false},"author":1,"featured_media":8355,"comment_status":"closed","ping_status":"closed","sticky":false,"template":"","format":"standard","meta":{"footnotes":""},"categories":[5],"tags":[],"class_list":{"0":"post-12446","1":"post","2":"type-post","3":"status-publish","4":"format-standard","5":"has-post-thumbnail","7":"category-noticias"},"_links":{"self":[{"href":"https:\/\/www.prwrestling.com\/nw\/wp-json\/wp\/v2\/posts\/12446","targetHints":{"allow":["GET"]}}],"collection":[{"href":"https:\/\/www.prwrestling.com\/nw\/wp-json\/wp\/v2\/posts"}],"about":[{"href":"https:\/\/www.prwrestling.com\/nw\/wp-json\/wp\/v2\/types\/post"}],"author":[{"embeddable":true,"href":"https:\/\/www.prwrestling.com\/nw\/wp-json\/wp\/v2\/users\/1"}],"replies":[{"embeddable":true,"href":"https:\/\/www.prwrestling.com\/nw\/wp-json\/wp\/v2\/comments?post=12446"}],"version-history":[{"count":1,"href":"https:\/\/www.prwrestling.com\/nw\/wp-json\/wp\/v2\/posts\/12446\/revisions"}],"predecessor-version":[{"id":12447,"href":"https:\/\/www.prwrestling.com\/nw\/wp-json\/wp\/v2\/posts\/12446\/revisions\/12447"}],"wp:featuredmedia":[{"embeddable":true,"href":"https:\/\/www.prwrestling.com\/nw\/wp-json\/wp\/v2\/media\/8355"}],"wp:attachment":[{"href":"https:\/\/www.prwrestling.com\/nw\/wp-json\/wp\/v2\/media?parent=12446"}],"wp:term":[{"taxonomy":"category","embeddable":true,"href":"https:\/\/www.prwrestling.com\/nw\/wp-json\/wp\/v2\/categories?post=12446"},{"taxonomy":"post_tag","embeddable":true,"href":"https:\/\/www.prwrestling.com\/nw\/wp-json\/wp\/v2\/tags?post=12446"}],"curies":[{"name":"wp","href":"https:\/\/api.w.org\/{rel}","templated":true}]}}