{"id":124481,"date":"2020-06-05T08:50:47","date_gmt":"2020-06-05T12:50:47","guid":{"rendered":"https:\/\/www.prwrestling.com\/nw\/?p=124481"},"modified":"2020-06-05T08:50:47","modified_gmt":"2020-06-05T12:50:47","slug":"reporte-mvp-habia-sido-liberado-de-su-rol-en-wwe","status":"publish","type":"post","link":"https:\/\/www.prwrestling.com\/nw\/reporte-mvp-habia-sido-liberado-de-su-rol-en-wwe\/","title":{"rendered":"Reporte: MVP hab\u00eda sido liberado de su rol en WWE"},"content":{"rendered":"<p>MVP recientemente respondi\u00f3 a los informes de que ya no es un productor en la WWE y que ser\u00eda de nuevo un talento.<!--more--><div id=\"ad-slot\" style=\"min-width: 300px; min-height: 250px;\">\r\n<p style=\"text-align: center;\">\r\n<script async src=\"https:\/\/pagead2.googlesyndication.com\/pagead\/js\/adsbygoogle.js\"><\/script>\r\n<!-- 300x250 sc a -->\r\n<ins class=\"adsbygoogle\"\r\n     style=\"display:inline-block;width:300px;height:250px\"\r\n     data-ad-client=\"ca-pub-1244235910658811\"\r\n     data-ad-slot=\"8592682546\"><\/ins>\r\n<script>\r\n     (adsbygoogle = window.adsbygoogle || []).push({});\r\n<\/script><\/center>\r\n<\/p><\/div><br \/>\nEl Wrestling Observer Newsletter aclar\u00f3 lo que sucedi\u00f3 con MVP. Fue productor de backstage en WWE hasta los recientes despidos del 15 de abril, ya que fue uno de los productores que fue despedido de su cargo. Dado que MVP tambi\u00e9n jugaba un papel en la pantalla, se tom\u00f3 la decisi\u00f3n de mantenerlo en la televisi\u00f3n. <\/p>\n<p>Debido a su contrataci\u00f3n tard\u00eda, como con muchas de las contrataciones m\u00e1s recientes, \u00e9l fue despedido como productor porque la compa\u00f1\u00eda no necesita tantos, pero para ese momento ya estaba en el puesto de manager de Lashley, por lo que ahora solo es talento y ya no es productor. <\/p>\n<p>Es posible que WWE inserte a MVP nuevamente en un papel de productor en el futuro cuando regresen a los itinerarios regulares. En este momento simplemente no lo necesitan en esa posici\u00f3n. <\/p>\n","protected":false},"excerpt":{"rendered":"<p>MVP recientemente respondi\u00f3 a los informes de que ya no es un productor en la WWE y que ser\u00eda de nuevo un talento.<\/p>\n","protected":false},"author":1,"featured_media":124482,"comment_status":"closed","ping_status":"closed","sticky":false,"template":"","format":"standard","meta":{"footnotes":""},"categories":[5,38],"tags":[1459,9],"class_list":{"0":"post-124481","1":"post","2":"type-post","3":"status-publish","4":"format-standard","5":"has-post-thumbnail","7":"category-noticias","8":"category-noticias-y-rumores-de-la-wwe","9":"tag-mvp","10":"tag-wwe"},"_links":{"self":[{"href":"https:\/\/www.prwrestling.com\/nw\/wp-json\/wp\/v2\/posts\/124481","targetHints":{"allow":["GET"]}}],"collection":[{"href":"https:\/\/www.prwrestling.com\/nw\/wp-json\/wp\/v2\/posts"}],"about":[{"href":"https:\/\/www.prwrestling.com\/nw\/wp-json\/wp\/v2\/types\/post"}],"author":[{"embeddable":true,"href":"https:\/\/www.prwrestling.com\/nw\/wp-json\/wp\/v2\/users\/1"}],"replies":[{"embeddable":true,"href":"https:\/\/www.prwrestling.com\/nw\/wp-json\/wp\/v2\/comments?post=124481"}],"version-history":[{"count":1,"href":"https:\/\/www.prwrestling.com\/nw\/wp-json\/wp\/v2\/posts\/124481\/revisions"}],"predecessor-version":[{"id":124491,"href":"https:\/\/www.prwrestling.com\/nw\/wp-json\/wp\/v2\/posts\/124481\/revisions\/124491"}],"wp:featuredmedia":[{"embeddable":true,"href":"https:\/\/www.prwrestling.com\/nw\/wp-json\/wp\/v2\/media\/124482"}],"wp:attachment":[{"href":"https:\/\/www.prwrestling.com\/nw\/wp-json\/wp\/v2\/media?parent=124481"}],"wp:term":[{"taxonomy":"category","embeddable":true,"href":"https:\/\/www.prwrestling.com\/nw\/wp-json\/wp\/v2\/categories?post=124481"},{"taxonomy":"post_tag","embeddable":true,"href":"https:\/\/www.prwrestling.com\/nw\/wp-json\/wp\/v2\/tags?post=124481"}],"curies":[{"name":"wp","href":"https:\/\/api.w.org\/{rel}","templated":true}]}}