{"id":124995,"date":"2020-06-06T15:27:40","date_gmt":"2020-06-06T19:27:40","guid":{"rendered":"https:\/\/www.prwrestling.com\/nw\/?p=124995"},"modified":"2020-06-06T15:27:40","modified_gmt":"2020-06-06T19:27:40","slug":"ali-realmente-agradable-no-poder-hacer-lo-que-te-apasiona","status":"publish","type":"post","link":"https:\/\/www.prwrestling.com\/nw\/ali-realmente-agradable-no-poder-hacer-lo-que-te-apasiona\/","title":{"rendered":"Ali: &#8220;Realmente agradable no poder hacer lo que te apasiona&#8221;"},"content":{"rendered":"<p>La \u00faltima vez que los fan\u00e1ticos vieron a Mustafa Ali en la TV de WWE fue un episodio del 13 de diciembre de SmackDown donde \u00e9l y Shorty G (Chad Gable) perdieron ante Dash Wilder y Scott Dawson.<!--more--> Ali luego trabaj\u00f3 una serie de luchas no televisadas hasta el 7 de febrero.<\/p>\n<p>Una persona en Twitter coment\u00f3 que &#8220;debe ser agradable&#8221; que Ali tenga el &#8220;trabajo m\u00e1s f\u00e1cil&#8221; en la WWE ya que nunca est\u00e1 en la televisi\u00f3n. Hoy temprano, Ali respondi\u00f3:<\/p>\n<p>&#8220;S\u00ed, hombre. Es realmente agradable estar en tu mejor momento y querer usar la exposici\u00f3n que obtienes para dar luz a temas serios, pero en cambio forzado a dejar de lado por razones fuera de tu control&#8221;, respondi\u00f3 Ali. &#8220;Realmente agradable no poder hacer lo que te apasiona&#8221;.<\/p>\n<p>Se ha especulado que Ali podr\u00eda ser el misterioso hacker de SmackDown, pero a\u00fan no se han revelado. El 28 de mayo fue la \u00faltima vez que los fan\u00e1ticos escucharon del pirata inform\u00e1tico.<\/p>\n<blockquote class=\"twitter-tweet\">\n<p lang=\"en\" dir=\"ltr\">Yeah man. It\u2019s real nice to be in your prime and wanting to use the exposure you get to bring light to serious topics, but instead forced to the sidelines for reasons beyond your control. Real nice to not be allowed to do what you\u2019re passionate about. <a href=\"https:\/\/t.co\/ZR2TpRLZDk\">https:\/\/t.co\/ZR2TpRLZDk<\/a><\/p>\n<p>&mdash; Mustafa Ali \/ Adeel Alam (@AliWWE) <a href=\"https:\/\/twitter.com\/AliWWE\/status\/1269319005506068480?ref_src=twsrc%5Etfw\" target=\"_blank\" rel=\"noopener\">June 6, 2020<\/a><\/p><\/blockquote>\n<p> <script async src=\"https:\/\/platform.twitter.com\/widgets.js\" charset=\"utf-8\"><\/script><\/p>\n","protected":false},"excerpt":{"rendered":"<p>La \u00faltima vez que los fan\u00e1ticos vieron a Mustafa Ali en la TV de WWE fue un episodio del 13 de diciembre de SmackDown donde \u00e9l y Shorty G (Chad Gable) perdieron ante Dash Wilder y Scott Dawson.<\/p>\n","protected":false},"author":1,"featured_media":124996,"comment_status":"open","ping_status":"closed","sticky":false,"template":"","format":"standard","meta":{"footnotes":""},"categories":[5,38],"tags":[4752],"class_list":{"0":"post-124995","1":"post","2":"type-post","3":"status-publish","4":"format-standard","5":"has-post-thumbnail","7":"category-noticias","8":"category-noticias-y-rumores-de-la-wwe","9":"tag-wwe-ali"},"_links":{"self":[{"href":"https:\/\/www.prwrestling.com\/nw\/wp-json\/wp\/v2\/posts\/124995","targetHints":{"allow":["GET"]}}],"collection":[{"href":"https:\/\/www.prwrestling.com\/nw\/wp-json\/wp\/v2\/posts"}],"about":[{"href":"https:\/\/www.prwrestling.com\/nw\/wp-json\/wp\/v2\/types\/post"}],"author":[{"embeddable":true,"href":"https:\/\/www.prwrestling.com\/nw\/wp-json\/wp\/v2\/users\/1"}],"replies":[{"embeddable":true,"href":"https:\/\/www.prwrestling.com\/nw\/wp-json\/wp\/v2\/comments?post=124995"}],"version-history":[{"count":1,"href":"https:\/\/www.prwrestling.com\/nw\/wp-json\/wp\/v2\/posts\/124995\/revisions"}],"predecessor-version":[{"id":124998,"href":"https:\/\/www.prwrestling.com\/nw\/wp-json\/wp\/v2\/posts\/124995\/revisions\/124998"}],"wp:featuredmedia":[{"embeddable":true,"href":"https:\/\/www.prwrestling.com\/nw\/wp-json\/wp\/v2\/media\/124996"}],"wp:attachment":[{"href":"https:\/\/www.prwrestling.com\/nw\/wp-json\/wp\/v2\/media?parent=124995"}],"wp:term":[{"taxonomy":"category","embeddable":true,"href":"https:\/\/www.prwrestling.com\/nw\/wp-json\/wp\/v2\/categories?post=124995"},{"taxonomy":"post_tag","embeddable":true,"href":"https:\/\/www.prwrestling.com\/nw\/wp-json\/wp\/v2\/tags?post=124995"}],"curies":[{"name":"wp","href":"https:\/\/api.w.org\/{rel}","templated":true}]}}