{"id":125034,"date":"2020-06-07T19:59:53","date_gmt":"2020-06-07T23:59:53","guid":{"rendered":"https:\/\/www.prwrestling.com\/nw\/?p=125034"},"modified":"2020-06-07T19:59:53","modified_gmt":"2020-06-07T23:59:53","slug":"revelan-lesion-real-de-elias-fuera-por-meses","status":"publish","type":"post","link":"https:\/\/www.prwrestling.com\/nw\/revelan-lesion-real-de-elias-fuera-por-meses\/","title":{"rendered":"Revelan lesi\u00f3n real de Elias; Fuera por meses"},"content":{"rendered":"<p>Seg\u00fan el Wrestling Observer, la superestrella de la WWE Elias ha sufrido un desgarre en el m\u00fasculo pectoral y estar\u00e1 fuera de acci\u00f3n durante meses. <!--more--><div id=\"ad-slot\" style=\"min-width: 300px; min-height: 250px;\">\r\n<p style=\"text-align: center;\">\r\n<script async src=\"https:\/\/pagead2.googlesyndication.com\/pagead\/js\/adsbygoogle.js\"><\/script>\r\n<!-- 300x250 sc a -->\r\n<ins class=\"adsbygoogle\"\r\n     style=\"display:inline-block;width:300px;height:250px\"\r\n     data-ad-client=\"ca-pub-1244235910658811\"\r\n     data-ad-slot=\"8592682546\"><\/ins>\r\n<script>\r\n     (adsbygoogle = window.adsbygoogle || []).push({});\r\n<\/script><\/center>\r\n<\/p><\/div><br \/>\nLos informes indican que el \u00e1ngulo en el que Jeff Hardy se estrell\u00f3 contra Elias en SmackDown de la semana pasada se us\u00f3 para sacarlo de la televisi\u00f3n. Tras el \u00e1ngulo, se mencion\u00f3 en Smackdown que el luchador estar\u00eda fuera por mucho tiempo, como parte de la historia. <\/p>\n<p>\u201cEl Drifter\u201d originalmente se iba a enfrentar a AJ Styles en las semifinales del torneo para coronar a un nuevo campe\u00f3n Intercontinental. Debido a la lesi\u00f3n, Styles pudo avanzar a la final.<\/p>\n<p>Esta es la segunda lesi\u00f3n de Elias en los \u00faltimos 9 meses. El pasado mes de septiembre 2019 se hab\u00eda lesionado un tobillo, y regres\u00f3 en noviembre del mismo a\u00f1o. <\/p>\n","protected":false},"excerpt":{"rendered":"<p>Seg\u00fan el Wrestling Observer, la superestrella de la WWE Elias ha sufrido un desgarre en el m\u00fasculo pectoral y estar\u00e1 fuera de acci\u00f3n durante meses.<\/p>\n","protected":false},"author":1,"featured_media":122124,"comment_status":"open","ping_status":"closed","sticky":false,"template":"","format":"standard","meta":{"footnotes":""},"categories":[5,38],"tags":[1388,9],"class_list":{"0":"post-125034","1":"post","2":"type-post","3":"status-publish","4":"format-standard","5":"has-post-thumbnail","7":"category-noticias","8":"category-noticias-y-rumores-de-la-wwe","9":"tag-elias","10":"tag-wwe"},"_links":{"self":[{"href":"https:\/\/www.prwrestling.com\/nw\/wp-json\/wp\/v2\/posts\/125034","targetHints":{"allow":["GET"]}}],"collection":[{"href":"https:\/\/www.prwrestling.com\/nw\/wp-json\/wp\/v2\/posts"}],"about":[{"href":"https:\/\/www.prwrestling.com\/nw\/wp-json\/wp\/v2\/types\/post"}],"author":[{"embeddable":true,"href":"https:\/\/www.prwrestling.com\/nw\/wp-json\/wp\/v2\/users\/1"}],"replies":[{"embeddable":true,"href":"https:\/\/www.prwrestling.com\/nw\/wp-json\/wp\/v2\/comments?post=125034"}],"version-history":[{"count":1,"href":"https:\/\/www.prwrestling.com\/nw\/wp-json\/wp\/v2\/posts\/125034\/revisions"}],"predecessor-version":[{"id":125035,"href":"https:\/\/www.prwrestling.com\/nw\/wp-json\/wp\/v2\/posts\/125034\/revisions\/125035"}],"wp:featuredmedia":[{"embeddable":true,"href":"https:\/\/www.prwrestling.com\/nw\/wp-json\/wp\/v2\/media\/122124"}],"wp:attachment":[{"href":"https:\/\/www.prwrestling.com\/nw\/wp-json\/wp\/v2\/media?parent=125034"}],"wp:term":[{"taxonomy":"category","embeddable":true,"href":"https:\/\/www.prwrestling.com\/nw\/wp-json\/wp\/v2\/categories?post=125034"},{"taxonomy":"post_tag","embeddable":true,"href":"https:\/\/www.prwrestling.com\/nw\/wp-json\/wp\/v2\/tags?post=125034"}],"curies":[{"name":"wp","href":"https:\/\/api.w.org\/{rel}","templated":true}]}}