{"id":125092,"date":"2020-06-09T23:07:44","date_gmt":"2020-06-10T03:07:44","guid":{"rendered":"https:\/\/www.prwrestling.com\/nw\/?p=125092"},"modified":"2020-06-09T23:13:48","modified_gmt":"2020-06-10T03:13:48","slug":"reportan-vince-se-molesto-con-los-ataques-entre-orton-y-ciampa","status":"publish","type":"post","link":"https:\/\/www.prwrestling.com\/nw\/reportan-vince-se-molesto-con-los-ataques-entre-orton-y-ciampa\/","title":{"rendered":"Reportan Vince se molest\u00f3 con los ataques entre Orton y Ciampa"},"content":{"rendered":"<p>Las recientes interacciones en las redes sociales entre Tommaso Ciampa y Randy Orton han dado mucho de qu\u00e9 hablar, con algunos fans esperando que los insultos se conviertan en una ri\u00f1a frente a las c\u00e1maras.<!--more--><div id=\"ad-slot\" style=\"min-width: 300px; min-height: 250px;\">\r\n<p style=\"text-align: center;\">\r\n<script async src=\"https:\/\/pagead2.googlesyndication.com\/pagead\/js\/adsbygoogle.js\"><\/script>\r\n<!-- 300x250 sc a -->\r\n<ins class=\"adsbygoogle\"\r\n     style=\"display:inline-block;width:300px;height:250px\"\r\n     data-ad-client=\"ca-pub-1244235910658811\"\r\n     data-ad-slot=\"8592682546\"><\/ins>\r\n<script>\r\n     (adsbygoogle = window.adsbygoogle || []).push({});\r\n<\/script><\/center>\r\n<\/p><\/div><br \/>\nSeg\u00fan reportes, dentro de la WWE no hay nada en planes para hacer algo entre los dos luchadores, y Bryan Alvarez se\u00f1al\u00f3 en Wrestling Observer Live que Vince McMahon no est\u00e1 contento con los intercambios de &#8220;Tweets&#8221;.<\/p>\n<p>&#8220;Me dieron que Vince McMahon no est\u00e1 muy contento con esto. Para aquellos de ustedes que puedan no saberlo, hay reglas y luego est\u00e1 Vince. Vince odia cuando los hombres o las mujeres o lo que sea que hacen algo que provoque una lucha que no va a suceder. Pero, si un \u00e1ngulo no termina, est\u00e1 totalmente bien. Hay un conjunto diferente de reglas,&#8221; dijo Alvarez.<\/p>\n<p>Durante la mayor parte del martes ya no hubo m\u00e1s ataques entre Orton y Ciampa, as\u00ed que por el momento las cosas parecen haberse calmado. Orton tiene una gran cita este domingo en Backlash, en donde se enfrenta a Edge.<\/p>\n","protected":false},"excerpt":{"rendered":"<p>Las recientes interacciones en las redes sociales entre Tommaso Ciampa y Randy Orton han dado mucho de qu\u00e9 hablar, con algunos fans esperando que los insultos se conviertan en una ri\u00f1a frente a las c\u00e1maras.<\/p>\n","protected":false},"author":1,"featured_media":125095,"comment_status":"open","ping_status":"closed","sticky":false,"template":"","format":"standard","meta":{"footnotes":""},"categories":[5,38],"tags":[1359,9],"class_list":{"0":"post-125092","1":"post","2":"type-post","3":"status-publish","4":"format-standard","5":"has-post-thumbnail","7":"category-noticias","8":"category-noticias-y-rumores-de-la-wwe","9":"tag-vince-mcmahon","10":"tag-wwe"},"_links":{"self":[{"href":"https:\/\/www.prwrestling.com\/nw\/wp-json\/wp\/v2\/posts\/125092","targetHints":{"allow":["GET"]}}],"collection":[{"href":"https:\/\/www.prwrestling.com\/nw\/wp-json\/wp\/v2\/posts"}],"about":[{"href":"https:\/\/www.prwrestling.com\/nw\/wp-json\/wp\/v2\/types\/post"}],"author":[{"embeddable":true,"href":"https:\/\/www.prwrestling.com\/nw\/wp-json\/wp\/v2\/users\/1"}],"replies":[{"embeddable":true,"href":"https:\/\/www.prwrestling.com\/nw\/wp-json\/wp\/v2\/comments?post=125092"}],"version-history":[{"count":1,"href":"https:\/\/www.prwrestling.com\/nw\/wp-json\/wp\/v2\/posts\/125092\/revisions"}],"predecessor-version":[{"id":125093,"href":"https:\/\/www.prwrestling.com\/nw\/wp-json\/wp\/v2\/posts\/125092\/revisions\/125093"}],"wp:featuredmedia":[{"embeddable":true,"href":"https:\/\/www.prwrestling.com\/nw\/wp-json\/wp\/v2\/media\/125095"}],"wp:attachment":[{"href":"https:\/\/www.prwrestling.com\/nw\/wp-json\/wp\/v2\/media?parent=125092"}],"wp:term":[{"taxonomy":"category","embeddable":true,"href":"https:\/\/www.prwrestling.com\/nw\/wp-json\/wp\/v2\/categories?post=125092"},{"taxonomy":"post_tag","embeddable":true,"href":"https:\/\/www.prwrestling.com\/nw\/wp-json\/wp\/v2\/tags?post=125092"}],"curies":[{"name":"wp","href":"https:\/\/api.w.org\/{rel}","templated":true}]}}