{"id":125142,"date":"2020-06-11T21:37:55","date_gmt":"2020-06-12T01:37:55","guid":{"rendered":"https:\/\/www.prwrestling.com\/nw\/?p=125142"},"modified":"2020-06-11T21:40:21","modified_gmt":"2020-06-12T01:40:21","slug":"heyman-fuera-del-equipo-creativo-de-wwe","status":"publish","type":"post","link":"https:\/\/www.prwrestling.com\/nw\/heyman-fuera-del-equipo-creativo-de-wwe\/","title":{"rendered":"Heyman fuera del equipo creativo de WWE"},"content":{"rendered":"<p>WWE ha anunciado un cambio significativo en su proceso creativo.<!--more--><\/p>\n<p>En una declaraci\u00f3n emitida hoy, se anunci\u00f3 que WWE ha consolidado sus equipos creativos de Raw y SmackDown en un solo grupo. Bruce Prichard dirigir\u00e1 el grupo, mientras que Paul Heyman se centrar\u00e1 ahora en su papel como talento en la pantalla.<div id=\"ad-slot\" style=\"min-width: 300px; min-height: 250px;\">\r\n<p style=\"text-align: center;\">\r\n<script async src=\"https:\/\/pagead2.googlesyndication.com\/pagead\/js\/adsbygoogle.js\"><\/script>\r\n<!-- 300x250 sc a -->\r\n<ins class=\"adsbygoogle\"\r\n     style=\"display:inline-block;width:300px;height:250px\"\r\n     data-ad-client=\"ca-pub-1244235910658811\"\r\n     data-ad-slot=\"8592682546\"><\/ins>\r\n<script>\r\n     (adsbygoogle = window.adsbygoogle || []).push({});\r\n<\/script><\/center>\r\n<\/p><\/div><br \/>\nLos puestos de director ejecutivo se crearon recientemente en junio pasado, y WWE escribi\u00f3 que los directores ejecutivos &#8220;supervisar\u00edan el desarrollo creativo de la programaci\u00f3n emblem\u00e1tica de WWE y garantizar\u00edan la integraci\u00f3n en todas las plataformas y l\u00edneas de negocio&#8221;.<\/p>\n<p>Uno de los aspectos interesantes del cambio es qu\u00e9 podr\u00eda suceder con algunos de los talentos que estaban siendo favorecidos con buena exposici\u00f3n en Raw, entre ellos Aliester Black, Murphy y Apollo Crews.<\/p>\n<p>Heyman como personaje no ha aparecido ante m\u00e1s c\u00e1maras desde que Brock Lesnar perdi\u00f3 el Campeonato de la WWE ante Drew McIntyre en WrestleMania 36.<\/p>\n","protected":false},"excerpt":{"rendered":"<p>WWE ha anunciado un cambio significativo en su proceso creativo.<\/p>\n","protected":false},"author":1,"featured_media":122536,"comment_status":"open","ping_status":"closed","sticky":false,"template":"","format":"standard","meta":{"footnotes":""},"categories":[5,38],"tags":[1635,9],"class_list":{"0":"post-125142","1":"post","2":"type-post","3":"status-publish","4":"format-standard","5":"has-post-thumbnail","7":"category-noticias","8":"category-noticias-y-rumores-de-la-wwe","9":"tag-paul-heyman","10":"tag-wwe"},"_links":{"self":[{"href":"https:\/\/www.prwrestling.com\/nw\/wp-json\/wp\/v2\/posts\/125142","targetHints":{"allow":["GET"]}}],"collection":[{"href":"https:\/\/www.prwrestling.com\/nw\/wp-json\/wp\/v2\/posts"}],"about":[{"href":"https:\/\/www.prwrestling.com\/nw\/wp-json\/wp\/v2\/types\/post"}],"author":[{"embeddable":true,"href":"https:\/\/www.prwrestling.com\/nw\/wp-json\/wp\/v2\/users\/1"}],"replies":[{"embeddable":true,"href":"https:\/\/www.prwrestling.com\/nw\/wp-json\/wp\/v2\/comments?post=125142"}],"version-history":[{"count":2,"href":"https:\/\/www.prwrestling.com\/nw\/wp-json\/wp\/v2\/posts\/125142\/revisions"}],"predecessor-version":[{"id":125144,"href":"https:\/\/www.prwrestling.com\/nw\/wp-json\/wp\/v2\/posts\/125142\/revisions\/125144"}],"wp:featuredmedia":[{"embeddable":true,"href":"https:\/\/www.prwrestling.com\/nw\/wp-json\/wp\/v2\/media\/122536"}],"wp:attachment":[{"href":"https:\/\/www.prwrestling.com\/nw\/wp-json\/wp\/v2\/media?parent=125142"}],"wp:term":[{"taxonomy":"category","embeddable":true,"href":"https:\/\/www.prwrestling.com\/nw\/wp-json\/wp\/v2\/categories?post=125142"},{"taxonomy":"post_tag","embeddable":true,"href":"https:\/\/www.prwrestling.com\/nw\/wp-json\/wp\/v2\/tags?post=125142"}],"curies":[{"name":"wp","href":"https:\/\/api.w.org\/{rel}","templated":true}]}}