{"id":125155,"date":"2020-06-12T13:11:39","date_gmt":"2020-06-12T17:11:39","guid":{"rendered":"https:\/\/www.prwrestling.com\/nw\/?p=125155"},"modified":"2020-06-12T13:11:39","modified_gmt":"2020-06-12T17:11:39","slug":"tension-entre-undertaker-y-vince-por-starrcast-sera-cubierta-en-last-ride","status":"publish","type":"post","link":"https:\/\/www.prwrestling.com\/nw\/tension-entre-undertaker-y-vince-por-starrcast-sera-cubierta-en-last-ride\/","title":{"rendered":"Tensi\u00f3n entre Undertaker y Vince por Starrcast sera cubierta en &#8220;Last Ride&#8221;"},"content":{"rendered":"<p>The Undertaker acord\u00f3 hacer una aparicion en la convenci\u00f3n Starrcast, pero a Vince McMahon no le gust\u00f3 en absoluto segun se rumoraba.<!--more--><div id=\"ad-slot\" style=\"min-width: 300px; min-height: 250px;\">\r\n<p style=\"text-align: center;\">\r\n<script async src=\"https:\/\/pagead2.googlesyndication.com\/pagead\/js\/adsbygoogle.js\"><\/script>\r\n<!-- 300x250 sc a -->\r\n<ins class=\"adsbygoogle\"\r\n     style=\"display:inline-block;width:300px;height:250px\"\r\n     data-ad-client=\"ca-pub-1244235910658811\"\r\n     data-ad-slot=\"8592682546\"><\/ins>\r\n<script>\r\n     (adsbygoogle = window.adsbygoogle || []).push({});\r\n<\/script><\/center>\r\n<\/p><\/div><br \/>\nEl pr\u00f3ximo episodio de &#8220;The Undertaker Last Ride&#8221; va a exponer todo el drama de Starrcast seg\u00fan Fightful. Se afirma que el episodio es &#8220;fant\u00e1stico&#8221; y se resaltar\u00e1 la tensi\u00f3n en la relaci\u00f3n de Taker con Vince McMahon.<\/p>\n<p>Vince McMahon estaba realmente conmocionado por toda esta situaci\u00f3n con Undertaker y Starrcast. Aparentemente, Starrcast y AEW ser\u00e1n mencionados en las pr\u00f3ximas docuseries de Undertaker. Solo tenemos que preguntarnos cu\u00e1nto mostrar\u00e1n a los fan\u00e1ticos.<\/p>\n<p>El Cap\u00edtulo 4 de The Last Ride se emitir\u00e1 este domingo 14 de junio.<\/p>\n","protected":false},"excerpt":{"rendered":"<p>The Undertaker acord\u00f3 hacer una aparicion en la convenci\u00f3n Starrcast, pero a Vince McMahon no le gust\u00f3 en absoluto segun se rumoraba.<\/p>\n","protected":false},"author":1,"featured_media":6950,"comment_status":"open","ping_status":"closed","sticky":false,"template":"","format":"standard","meta":{"footnotes":""},"categories":[5,38],"tags":[],"class_list":{"0":"post-125155","1":"post","2":"type-post","3":"status-publish","4":"format-standard","5":"has-post-thumbnail","7":"category-noticias","8":"category-noticias-y-rumores-de-la-wwe"},"_links":{"self":[{"href":"https:\/\/www.prwrestling.com\/nw\/wp-json\/wp\/v2\/posts\/125155","targetHints":{"allow":["GET"]}}],"collection":[{"href":"https:\/\/www.prwrestling.com\/nw\/wp-json\/wp\/v2\/posts"}],"about":[{"href":"https:\/\/www.prwrestling.com\/nw\/wp-json\/wp\/v2\/types\/post"}],"author":[{"embeddable":true,"href":"https:\/\/www.prwrestling.com\/nw\/wp-json\/wp\/v2\/users\/1"}],"replies":[{"embeddable":true,"href":"https:\/\/www.prwrestling.com\/nw\/wp-json\/wp\/v2\/comments?post=125155"}],"version-history":[{"count":1,"href":"https:\/\/www.prwrestling.com\/nw\/wp-json\/wp\/v2\/posts\/125155\/revisions"}],"predecessor-version":[{"id":125156,"href":"https:\/\/www.prwrestling.com\/nw\/wp-json\/wp\/v2\/posts\/125155\/revisions\/125156"}],"wp:featuredmedia":[{"embeddable":true,"href":"https:\/\/www.prwrestling.com\/nw\/wp-json\/wp\/v2\/media\/6950"}],"wp:attachment":[{"href":"https:\/\/www.prwrestling.com\/nw\/wp-json\/wp\/v2\/media?parent=125155"}],"wp:term":[{"taxonomy":"category","embeddable":true,"href":"https:\/\/www.prwrestling.com\/nw\/wp-json\/wp\/v2\/categories?post=125155"},{"taxonomy":"post_tag","embeddable":true,"href":"https:\/\/www.prwrestling.com\/nw\/wp-json\/wp\/v2\/tags?post=125155"}],"curies":[{"name":"wp","href":"https:\/\/api.w.org\/{rel}","templated":true}]}}