{"id":125267,"date":"2020-06-15T08:35:19","date_gmt":"2020-06-15T12:35:19","guid":{"rendered":"https:\/\/www.prwrestling.com\/nw\/?p=125267"},"modified":"2020-06-15T08:35:19","modified_gmt":"2020-06-15T12:35:19","slug":"reporte-edge-se-lesiono-durante-tomas-adicionales-de-su-lucha","status":"publish","type":"post","link":"https:\/\/www.prwrestling.com\/nw\/reporte-edge-se-lesiono-durante-tomas-adicionales-de-su-lucha\/","title":{"rendered":"Reporte: Edge se lesion\u00f3 durante tomas adicionales de su lucha"},"content":{"rendered":"<p>Edge y Randy Orton se enfrentaron en Backlash en la noche del domingo. <!--more-->Orton gan\u00f3, pero Edge result\u00f3 herido en el proceso al desgarrarse un tricep dentro del encuentro.<div id=\"ad-slot\" style=\"min-width: 300px; min-height: 250px;\">\r\n<p style=\"text-align: center;\">\r\n<script async src=\"https:\/\/pagead2.googlesyndication.com\/pagead\/js\/adsbygoogle.js\"><\/script>\r\n<!-- 300x250 sc a -->\r\n<ins class=\"adsbygoogle\"\r\n     style=\"display:inline-block;width:300px;height:250px\"\r\n     data-ad-client=\"ca-pub-1244235910658811\"\r\n     data-ad-slot=\"8592682546\"><\/ins>\r\n<script>\r\n     (adsbygoogle = window.adsbygoogle || []).push({});\r\n<\/script><\/center>\r\n<\/p><\/div><br \/>\nLa lesi\u00f3n no fue obvia en la transmisi\u00f3n debido a que sucedi\u00f3 en una toma adicional que hab\u00edan hecho para el encuentro. <\/p>\n<p>Durante Wrestling Observer Radio, Dave Meltzer dijo que Edge y Orton grabaron su primera lucha completa sin ning\u00fan problema. Luego hicieron otra ronda de tomas y fue ah\u00ed donde Edge se lastim\u00f3. Se especula que fue durante el lance desde la 3ra cuerda hacia el RKO.<\/p>\n<p>Si requiere cirug\u00eda, Edge podr\u00eda estar fuera de acci\u00f3n durante mucho tiempo mientras sana sus tr\u00edceps. Se esperaba que el luchador tuviera al menos cinco encuentros este a\u00f1o.<\/p>\n","protected":false},"excerpt":{"rendered":"<p>Edge y Randy Orton se enfrentaron en Backlash en la noche del domingo.<\/p>\n","protected":false},"author":1,"featured_media":125268,"comment_status":"open","ping_status":"closed","sticky":false,"template":"","format":"standard","meta":{"footnotes":""},"categories":[5,38],"tags":[1464,9],"class_list":{"0":"post-125267","1":"post","2":"type-post","3":"status-publish","4":"format-standard","5":"has-post-thumbnail","7":"category-noticias","8":"category-noticias-y-rumores-de-la-wwe","9":"tag-edge","10":"tag-wwe"},"_links":{"self":[{"href":"https:\/\/www.prwrestling.com\/nw\/wp-json\/wp\/v2\/posts\/125267","targetHints":{"allow":["GET"]}}],"collection":[{"href":"https:\/\/www.prwrestling.com\/nw\/wp-json\/wp\/v2\/posts"}],"about":[{"href":"https:\/\/www.prwrestling.com\/nw\/wp-json\/wp\/v2\/types\/post"}],"author":[{"embeddable":true,"href":"https:\/\/www.prwrestling.com\/nw\/wp-json\/wp\/v2\/users\/1"}],"replies":[{"embeddable":true,"href":"https:\/\/www.prwrestling.com\/nw\/wp-json\/wp\/v2\/comments?post=125267"}],"version-history":[{"count":0,"href":"https:\/\/www.prwrestling.com\/nw\/wp-json\/wp\/v2\/posts\/125267\/revisions"}],"wp:featuredmedia":[{"embeddable":true,"href":"https:\/\/www.prwrestling.com\/nw\/wp-json\/wp\/v2\/media\/125268"}],"wp:attachment":[{"href":"https:\/\/www.prwrestling.com\/nw\/wp-json\/wp\/v2\/media?parent=125267"}],"wp:term":[{"taxonomy":"category","embeddable":true,"href":"https:\/\/www.prwrestling.com\/nw\/wp-json\/wp\/v2\/categories?post=125267"},{"taxonomy":"post_tag","embeddable":true,"href":"https:\/\/www.prwrestling.com\/nw\/wp-json\/wp\/v2\/tags?post=125267"}],"curies":[{"name":"wp","href":"https:\/\/api.w.org\/{rel}","templated":true}]}}