{"id":125269,"date":"2020-06-15T14:32:36","date_gmt":"2020-06-15T18:32:36","guid":{"rendered":"https:\/\/www.prwrestling.com\/nw\/?p=125269"},"modified":"2020-06-15T14:32:36","modified_gmt":"2020-06-15T18:32:36","slug":"wwe-detuvo-el-empuje-de-los-forgotten-sons","status":"publish","type":"post","link":"https:\/\/www.prwrestling.com\/nw\/wwe-detuvo-el-empuje-de-los-forgotten-sons\/","title":{"rendered":"WWE detuvo el empuje de los Forgotten Sons"},"content":{"rendered":"<p>Los Forgotten Sons fueron subidos al roster principal despu\u00e9s de WrestleMania, pero luego desaparecieron.<!--more--> Jaxson Ryker tuite\u00f3 su apoyo a Donald Trump, lo que enfureci\u00f3 a muchos fan\u00e1ticos y provoc\u00f3 que Dave Bautista lo criticara. <div id=\"ad-slot\" style=\"min-width: 300px; min-height: 250px;\">\r\n<p style=\"text-align: center;\">\r\n<script async src=\"https:\/\/pagead2.googlesyndication.com\/pagead\/js\/adsbygoogle.js\"><\/script>\r\n<!-- 300x250 sc a -->\r\n<ins class=\"adsbygoogle\"\r\n     style=\"display:inline-block;width:300px;height:250px\"\r\n     data-ad-client=\"ca-pub-1244235910658811\"\r\n     data-ad-slot=\"8592682546\"><\/ins>\r\n<script>\r\n     (adsbygoogle = window.adsbygoogle || []).push({});\r\n<\/script><\/center>\r\n<\/p><\/div><br \/>\nAhora, se informa que el equipo de Jaxson Ryker, Steve Cutler y Wesley Blake estaban siendo preparados para un empuj\u00f3n dentro de la divisi\u00f3n en parejas para retar a New Day antes de la expresi\u00f3n.<\/p>\n<p>Se informa que la mayor\u00eda de las superestrellas dijeron que Jaxson Ryker era &#8220;muy querido&#8221; antes de su controvertido tweet. Sus compa\u00f1eros de equipo, Wesley Blake y Steve Cutler, se han distanciado de \u00e9l y hasta hablaron con oficiales de la WWE sobre el tema.<\/p>\n<p>Los tres luchadores no estuvieron presente en la \u00faltima grabaci\u00f3n de televisi\u00f3n y no fueron incluidos en los planes para este conjunto de grabaciones de esta semana y la pr\u00f3xima semana ma\u00f1ana.<\/p>\n","protected":false},"excerpt":{"rendered":"<p>Los Forgotten Sons fueron subidos al roster principal despu\u00e9s de WrestleMania, pero luego desaparecieron.<\/p>\n","protected":false},"author":1,"featured_media":125270,"comment_status":"open","ping_status":"closed","sticky":false,"template":"","format":"standard","meta":{"footnotes":""},"categories":[5,38],"tags":[9],"class_list":{"0":"post-125269","1":"post","2":"type-post","3":"status-publish","4":"format-standard","5":"has-post-thumbnail","7":"category-noticias","8":"category-noticias-y-rumores-de-la-wwe","9":"tag-wwe"},"_links":{"self":[{"href":"https:\/\/www.prwrestling.com\/nw\/wp-json\/wp\/v2\/posts\/125269","targetHints":{"allow":["GET"]}}],"collection":[{"href":"https:\/\/www.prwrestling.com\/nw\/wp-json\/wp\/v2\/posts"}],"about":[{"href":"https:\/\/www.prwrestling.com\/nw\/wp-json\/wp\/v2\/types\/post"}],"author":[{"embeddable":true,"href":"https:\/\/www.prwrestling.com\/nw\/wp-json\/wp\/v2\/users\/1"}],"replies":[{"embeddable":true,"href":"https:\/\/www.prwrestling.com\/nw\/wp-json\/wp\/v2\/comments?post=125269"}],"version-history":[{"count":0,"href":"https:\/\/www.prwrestling.com\/nw\/wp-json\/wp\/v2\/posts\/125269\/revisions"}],"wp:featuredmedia":[{"embeddable":true,"href":"https:\/\/www.prwrestling.com\/nw\/wp-json\/wp\/v2\/media\/125270"}],"wp:attachment":[{"href":"https:\/\/www.prwrestling.com\/nw\/wp-json\/wp\/v2\/media?parent=125269"}],"wp:term":[{"taxonomy":"category","embeddable":true,"href":"https:\/\/www.prwrestling.com\/nw\/wp-json\/wp\/v2\/categories?post=125269"},{"taxonomy":"post_tag","embeddable":true,"href":"https:\/\/www.prwrestling.com\/nw\/wp-json\/wp\/v2\/tags?post=125269"}],"curies":[{"name":"wp","href":"https:\/\/api.w.org\/{rel}","templated":true}]}}