{"id":125282,"date":"2020-06-16T00:06:39","date_gmt":"2020-06-16T04:06:39","guid":{"rendered":"https:\/\/www.prwrestling.com\/nw\/?p=125282"},"modified":"2020-06-16T00:09:06","modified_gmt":"2020-06-16T04:09:06","slug":"talento-de-wwe-da-positivo-al-covid-19","status":"publish","type":"post","link":"https:\/\/www.prwrestling.com\/nw\/talento-de-wwe-da-positivo-al-covid-19\/","title":{"rendered":"Talento de desarrollo WWE da positivo al COVID-19"},"content":{"rendered":"<p>En un comunicado emitido el lunes por la noche, WWE anunci\u00f3 que un talento de desarrollo ha dado positivo al COVID-19.<!--more--><div id=\"ad-slot\" style=\"min-width: 300px; min-height: 250px;\">\r\n<p style=\"text-align: center;\">\r\n<script async src=\"https:\/\/pagead2.googlesyndication.com\/pagead\/js\/adsbygoogle.js\"><\/script>\r\n<!-- 300x250 sc a -->\r\n<ins class=\"adsbygoogle\"\r\n     style=\"display:inline-block;width:300px;height:250px\"\r\n     data-ad-client=\"ca-pub-1244235910658811\"\r\n     data-ad-slot=\"8592682546\"><\/ins>\r\n<script>\r\n     (adsbygoogle = window.adsbygoogle || []).push({});\r\n<\/script><\/center>\r\n<\/p><\/div><br \/>\nLa declaraci\u00f3n fue del director m\u00e9dico asociado de la WWE, Dr. Jeffrey Dugas, quien se\u00f1al\u00f3 que la persona que dio positivo fue por \u00faltima vez al Performance Center el 9 de junio. Ninguna otra persona que asisti\u00f3 al Performance Center inform\u00f3 s\u00edntomas, pero &#8220;se evaluar\u00e1 a todo el talento, el equipo de producci\u00f3n y los empleados en el sitio en las instalaciones de capacitaci\u00f3n y producci\u00f3n para COVID-19 de inmediato &#8220;.<\/p>\n<p>Los luchadores de NXT \/ Performance Center han estado entre la multitud como fan\u00e1ticos de los programas de televisi\u00f3n de la WWE desde el episodio del 25 de mayo de Raw. La edici\u00f3n del lunes fue la primera en incluir una peque\u00f1a cantidad de fan\u00e1ticos en la multitud, adem\u00e1s de los luchadores de NXT \/ Performance Center.<\/p>\n","protected":false},"excerpt":{"rendered":"<p>En un comunicado emitido el lunes por la noche, WWE anunci\u00f3 que un talento de desarrollo ha dado positivo al COVID-19.<\/p>\n","protected":false},"author":1,"featured_media":125283,"comment_status":"open","ping_status":"closed","sticky":false,"template":"","format":"standard","meta":{"footnotes":""},"categories":[5,38],"tags":[9],"class_list":{"0":"post-125282","1":"post","2":"type-post","3":"status-publish","4":"format-standard","5":"has-post-thumbnail","7":"category-noticias","8":"category-noticias-y-rumores-de-la-wwe","9":"tag-wwe"},"_links":{"self":[{"href":"https:\/\/www.prwrestling.com\/nw\/wp-json\/wp\/v2\/posts\/125282","targetHints":{"allow":["GET"]}}],"collection":[{"href":"https:\/\/www.prwrestling.com\/nw\/wp-json\/wp\/v2\/posts"}],"about":[{"href":"https:\/\/www.prwrestling.com\/nw\/wp-json\/wp\/v2\/types\/post"}],"author":[{"embeddable":true,"href":"https:\/\/www.prwrestling.com\/nw\/wp-json\/wp\/v2\/users\/1"}],"replies":[{"embeddable":true,"href":"https:\/\/www.prwrestling.com\/nw\/wp-json\/wp\/v2\/comments?post=125282"}],"version-history":[{"count":1,"href":"https:\/\/www.prwrestling.com\/nw\/wp-json\/wp\/v2\/posts\/125282\/revisions"}],"predecessor-version":[{"id":125284,"href":"https:\/\/www.prwrestling.com\/nw\/wp-json\/wp\/v2\/posts\/125282\/revisions\/125284"}],"wp:featuredmedia":[{"embeddable":true,"href":"https:\/\/www.prwrestling.com\/nw\/wp-json\/wp\/v2\/media\/125283"}],"wp:attachment":[{"href":"https:\/\/www.prwrestling.com\/nw\/wp-json\/wp\/v2\/media?parent=125282"}],"wp:term":[{"taxonomy":"category","embeddable":true,"href":"https:\/\/www.prwrestling.com\/nw\/wp-json\/wp\/v2\/categories?post=125282"},{"taxonomy":"post_tag","embeddable":true,"href":"https:\/\/www.prwrestling.com\/nw\/wp-json\/wp\/v2\/tags?post=125282"}],"curies":[{"name":"wp","href":"https:\/\/api.w.org\/{rel}","templated":true}]}}