{"id":125286,"date":"2020-06-16T09:01:11","date_gmt":"2020-06-16T13:01:11","guid":{"rendered":"https:\/\/www.prwrestling.com\/nw\/?p=125286"},"modified":"2020-06-16T09:08:57","modified_gmt":"2020-06-16T13:08:57","slug":"wwe-no-permitio-el-uso-de-mascarillas-anoche-en-raw","status":"publish","type":"post","link":"https:\/\/www.prwrestling.com\/nw\/wwe-no-permitio-el-uso-de-mascarillas-anoche-en-raw\/","title":{"rendered":"WWE no permiti\u00f3 el uso de mascarillas anoche en Raw"},"content":{"rendered":"<p>Como se inform\u00f3 anteriormente, un talento de desarrollo de WWE ha dado positivo al COVID-19. <!--more-->Debido a esto, la compa\u00f1\u00eda ahora har\u00e1 pruebas del virus a todos los miembros del personal y superestrellas.<div id=\"ad-slot\" style=\"min-width: 300px; min-height: 250px;\">\r\n<p style=\"text-align: center;\">\r\n<script async src=\"https:\/\/pagead2.googlesyndication.com\/pagead\/js\/adsbygoogle.js\"><\/script>\r\n<!-- 300x250 sc a -->\r\n<ins class=\"adsbygoogle\"\r\n     style=\"display:inline-block;width:300px;height:250px\"\r\n     data-ad-client=\"ca-pub-1244235910658811\"\r\n     data-ad-slot=\"8592682546\"><\/ins>\r\n<script>\r\n     (adsbygoogle = window.adsbygoogle || []).push({});\r\n<\/script><\/center>\r\n<\/p><\/div><br \/>\nBryan Alvarez de f4wonline inform\u00f3 que la compa\u00f1\u00eda no permiti\u00f3 que los pocos fan\u00e1ticos seleccionados que estaban en la transmisi\u00f3n de Raw anoche usaran m\u00e1scarrillas protectoras. Se asume que esto es debido a que la empresa no quer\u00eda proyectar el visual de personas con m\u00e1scaras en la TV.<\/p>\n<p>En adici\u00f3n, estos fans y las superestrellas de la WWE no ten\u00edan conocimiento sobre el caso del COVID y solo se enteraron despu\u00e9s del anuncio en las redes sociales.<\/p>\n<h3><strong>Presentes tuvieron que firmar relevo de responsabilidad<\/strong><\/h3>\n<p>Antes de Raw, la compa\u00f1\u00eda hizo que los fan\u00e1ticos y luchadores de desarrollo que entraron firmen exenciones previo a que pudieran ingresar al Performance Center. Una vez que se firmaron esas exenciones, WWE ya no era responsable si contra\u00edan el coronavirus mientras estaban en el lugar. El formulario tambi\u00e9n informaba a los fan\u00e1ticos del riesgo que estaban tomando.<\/p>\n<p>Los fan\u00e1ticos tambi\u00e9n tuvieron controles m\u00e9dicos administrados. Estas pruebas no incluyeron las pruebas reales de COVID-19, pero se realizaron controles y encuestas de temperatura.<\/p>\n","protected":false},"excerpt":{"rendered":"<p>Como se inform\u00f3 anteriormente, un talento de desarrollo de WWE ha dado positivo al COVID-19.<\/p>\n","protected":false},"author":1,"featured_media":123489,"comment_status":"open","ping_status":"closed","sticky":false,"template":"","format":"standard","meta":{"footnotes":""},"categories":[5,38],"tags":[9],"class_list":{"0":"post-125286","1":"post","2":"type-post","3":"status-publish","4":"format-standard","5":"has-post-thumbnail","7":"category-noticias","8":"category-noticias-y-rumores-de-la-wwe","9":"tag-wwe"},"_links":{"self":[{"href":"https:\/\/www.prwrestling.com\/nw\/wp-json\/wp\/v2\/posts\/125286","targetHints":{"allow":["GET"]}}],"collection":[{"href":"https:\/\/www.prwrestling.com\/nw\/wp-json\/wp\/v2\/posts"}],"about":[{"href":"https:\/\/www.prwrestling.com\/nw\/wp-json\/wp\/v2\/types\/post"}],"author":[{"embeddable":true,"href":"https:\/\/www.prwrestling.com\/nw\/wp-json\/wp\/v2\/users\/1"}],"replies":[{"embeddable":true,"href":"https:\/\/www.prwrestling.com\/nw\/wp-json\/wp\/v2\/comments?post=125286"}],"version-history":[{"count":3,"href":"https:\/\/www.prwrestling.com\/nw\/wp-json\/wp\/v2\/posts\/125286\/revisions"}],"predecessor-version":[{"id":125290,"href":"https:\/\/www.prwrestling.com\/nw\/wp-json\/wp\/v2\/posts\/125286\/revisions\/125290"}],"wp:featuredmedia":[{"embeddable":true,"href":"https:\/\/www.prwrestling.com\/nw\/wp-json\/wp\/v2\/media\/123489"}],"wp:attachment":[{"href":"https:\/\/www.prwrestling.com\/nw\/wp-json\/wp\/v2\/media?parent=125286"}],"wp:term":[{"taxonomy":"category","embeddable":true,"href":"https:\/\/www.prwrestling.com\/nw\/wp-json\/wp\/v2\/categories?post=125286"},{"taxonomy":"post_tag","embeddable":true,"href":"https:\/\/www.prwrestling.com\/nw\/wp-json\/wp\/v2\/tags?post=125286"}],"curies":[{"name":"wp","href":"https:\/\/api.w.org\/{rel}","templated":true}]}}