{"id":125295,"date":"2020-06-16T15:18:40","date_gmt":"2020-06-16T19:18:40","guid":{"rendered":"https:\/\/www.prwrestling.com\/nw\/?p=125295"},"modified":"2020-06-16T22:55:46","modified_gmt":"2020-06-17T02:55:46","slug":"vince-ve-a-garza-como-el-proximo-eddie-guerreo","status":"publish","type":"post","link":"https:\/\/www.prwrestling.com\/nw\/vince-ve-a-garza-como-el-proximo-eddie-guerreo\/","title":{"rendered":"Vince ve a Garza como el pr\u00f3ximo Eddie Guerrero"},"content":{"rendered":"<p>Seg\u00fan informes, el presidente de la WWE, Vince McMahon, ve grandes cosas en la superestrella de RAW Angel Garza.<!--more--><div id=\"ad-slot\" style=\"min-width: 300px; min-height: 250px;\">\r\n<p style=\"text-align: center;\">\r\n<script async src=\"https:\/\/pagead2.googlesyndication.com\/pagead\/js\/adsbygoogle.js\"><\/script>\r\n<!-- 300x250 sc a -->\r\n<ins class=\"adsbygoogle\"\r\n     style=\"display:inline-block;width:300px;height:250px\"\r\n     data-ad-client=\"ca-pub-1244235910658811\"\r\n     data-ad-slot=\"8592682546\"><\/ins>\r\n<script>\r\n     (adsbygoogle = window.adsbygoogle || []).push({});\r\n<\/script><\/center>\r\n<\/p><\/div><br \/>\nGarza es la \u00faltima estrella en convertirse en un favorito de Vince y se dice que el jefe de la WWE se ha referido a \u00e9l como una versi\u00f3n m\u00e1s joven del miembro del Sal\u00f3n de la Fama de la WWE Eddie Guerrero, seg\u00fan Alex McCarthy de talkSPORT. <\/p>\n<p>Se dec\u00eda que Vince era un gran admirador de Eddie lo que llev\u00f3 a que se coronara como campe\u00f3n Mundial de la WWE en el 2004.<br \/>\n<div id=\"ad-slot\" style=\"min-width: 300px; min-height: 250px;\"><p style=\"text-align: center;\">\r\n<script async src=\"https:\/\/pagead2.googlesyndication.com\/pagead\/js\/adsbygoogle.js\"><\/script>\r\n<!-- Responsive sc c -->\r\n<ins class=\"adsbygoogle\"\r\n     style=\"display:block\"\r\n     data-ad-client=\"ca-pub-1244235910658811\"\r\n     data-ad-slot=\"4234005358\"\r\n     data-ad-format=\"auto\"\r\n     data-full-width-responsive=\"true\"><\/ins>\r\n<script>\r\n     (adsbygoogle = window.adsbygoogle || []).push({});\r\n<\/script><\/p><\/div><br \/>\nGarza, de 27 a\u00f1os, est\u00e1 trabajando actualmente en la marca roja en el grupo de Zelina Vega y Andrade, pero han estado provocando una posible divisi\u00f3n entre Garza y Andrade. Garza perdi\u00f3 ante Kevin Owens en RAW de anoche, pero se hab\u00eda apuntado una victoria la semana antes.<\/p>\n","protected":false},"excerpt":{"rendered":"<p>Seg\u00fan informes, el presidente de la WWE, Vince McMahon, ve grandes cosas en la superestrella de RAW Angel Garza.<\/p>\n","protected":false},"author":1,"featured_media":119407,"comment_status":"open","ping_status":"closed","sticky":false,"template":"","format":"standard","meta":{"footnotes":""},"categories":[5,38],"tags":[],"class_list":{"0":"post-125295","1":"post","2":"type-post","3":"status-publish","4":"format-standard","5":"has-post-thumbnail","7":"category-noticias","8":"category-noticias-y-rumores-de-la-wwe"},"_links":{"self":[{"href":"https:\/\/www.prwrestling.com\/nw\/wp-json\/wp\/v2\/posts\/125295","targetHints":{"allow":["GET"]}}],"collection":[{"href":"https:\/\/www.prwrestling.com\/nw\/wp-json\/wp\/v2\/posts"}],"about":[{"href":"https:\/\/www.prwrestling.com\/nw\/wp-json\/wp\/v2\/types\/post"}],"author":[{"embeddable":true,"href":"https:\/\/www.prwrestling.com\/nw\/wp-json\/wp\/v2\/users\/1"}],"replies":[{"embeddable":true,"href":"https:\/\/www.prwrestling.com\/nw\/wp-json\/wp\/v2\/comments?post=125295"}],"version-history":[{"count":5,"href":"https:\/\/www.prwrestling.com\/nw\/wp-json\/wp\/v2\/posts\/125295\/revisions"}],"predecessor-version":[{"id":125311,"href":"https:\/\/www.prwrestling.com\/nw\/wp-json\/wp\/v2\/posts\/125295\/revisions\/125311"}],"wp:featuredmedia":[{"embeddable":true,"href":"https:\/\/www.prwrestling.com\/nw\/wp-json\/wp\/v2\/media\/119407"}],"wp:attachment":[{"href":"https:\/\/www.prwrestling.com\/nw\/wp-json\/wp\/v2\/media?parent=125295"}],"wp:term":[{"taxonomy":"category","embeddable":true,"href":"https:\/\/www.prwrestling.com\/nw\/wp-json\/wp\/v2\/categories?post=125295"},{"taxonomy":"post_tag","embeddable":true,"href":"https:\/\/www.prwrestling.com\/nw\/wp-json\/wp\/v2\/tags?post=125295"}],"curies":[{"name":"wp","href":"https:\/\/api.w.org\/{rel}","templated":true}]}}