{"id":125321,"date":"2020-06-17T16:08:11","date_gmt":"2020-06-17T20:08:11","guid":{"rendered":"https:\/\/www.prwrestling.com\/nw\/?p=125321"},"modified":"2020-06-17T16:11:26","modified_gmt":"2020-06-17T20:11:26","slug":"reporte-ali-es-movido-a-raw","status":"publish","type":"post","link":"https:\/\/www.prwrestling.com\/nw\/reporte-ali-es-movido-a-raw\/","title":{"rendered":"Reporte: Ali es movido a Raw"},"content":{"rendered":"<p>Seg\u00fan informes, Mustafa Ali es ahora una Superestrella de Raw.<!--more--><div id=\"ad-slot\" style=\"min-width: 300px; min-height: 250px;\">\r\n<p style=\"text-align: center;\">\r\n<script async src=\"https:\/\/pagead2.googlesyndication.com\/pagead\/js\/adsbygoogle.js\"><\/script>\r\n<!-- 300x250 sc a -->\r\n<ins class=\"adsbygoogle\"\r\n     style=\"display:inline-block;width:300px;height:250px\"\r\n     data-ad-client=\"ca-pub-1244235910658811\"\r\n     data-ad-slot=\"8592682546\"><\/ins>\r\n<script>\r\n     (adsbygoogle = window.adsbygoogle || []).push({});\r\n<\/script><\/center>\r\n<\/p><\/div><br \/>\nAli todav\u00eda aparece en el roster de SmackDown de <a href=\"http:\/\/wwe.com\" target=\"_blank\" rel=\"noopener\">WWE.com<\/a>, pero PWInsider informa que internamente se ha hecho silenciosamente la movida de Smackdown a la marca roja, y cuando regrese a la televisi\u00f3n ser\u00e1 un lunes en la noche.<\/p>\n<p>El \u00faltimo encuentro televisivo de Ali se produjo el 13 de diciembre cuando \u00e9l y Shorty G perdieron ante The Revival en SmackDown. Luego trabaj\u00f3 una serie de encuentros no televisados de SmackDown.<br \/>\n<div id=\"ad-slot\" style=\"min-width: 300px; min-height: 250px;\"><p style=\"text-align: center;\">\r\n<script async src=\"https:\/\/pagead2.googlesyndication.com\/pagead\/js\/adsbygoogle.js\"><\/script>\r\n<!-- Responsive sc c -->\r\n<ins class=\"adsbygoogle\"\r\n     style=\"display:block\"\r\n     data-ad-client=\"ca-pub-1244235910658811\"\r\n     data-ad-slot=\"4234005358\"\r\n     data-ad-format=\"auto\"\r\n     data-full-width-responsive=\"true\"><\/ins>\r\n<script>\r\n     (adsbygoogle = window.adsbygoogle || []).push({});\r\n<\/script><\/p><\/div><br \/>\nSe esperaba que Ali fuera el &#8220;hacker&#8221; de Smackdown, pero este no ha tenido presencia en las \u00faltimas semanas por lo que se cree que el \u00e1ngulo fue cancelado. Shorty G, quien se hab\u00eda rumorado iba a estar emparejado con Ali, regres\u00f3 hace varias semanas a Smackdown.<\/p>\n","protected":false},"excerpt":{"rendered":"<p>Seg\u00fan informes, Mustafa Ali es ahora una Superestrella de Raw.<\/p>\n","protected":false},"author":1,"featured_media":124996,"comment_status":"open","ping_status":"closed","sticky":false,"template":"","format":"standard","meta":{"footnotes":""},"categories":[5,38],"tags":[4867,9],"class_list":{"0":"post-125321","1":"post","2":"type-post","3":"status-publish","4":"format-standard","5":"has-post-thumbnail","7":"category-noticias","8":"category-noticias-y-rumores-de-la-wwe","9":"tag-ali","10":"tag-wwe"},"_links":{"self":[{"href":"https:\/\/www.prwrestling.com\/nw\/wp-json\/wp\/v2\/posts\/125321","targetHints":{"allow":["GET"]}}],"collection":[{"href":"https:\/\/www.prwrestling.com\/nw\/wp-json\/wp\/v2\/posts"}],"about":[{"href":"https:\/\/www.prwrestling.com\/nw\/wp-json\/wp\/v2\/types\/post"}],"author":[{"embeddable":true,"href":"https:\/\/www.prwrestling.com\/nw\/wp-json\/wp\/v2\/users\/1"}],"replies":[{"embeddable":true,"href":"https:\/\/www.prwrestling.com\/nw\/wp-json\/wp\/v2\/comments?post=125321"}],"version-history":[{"count":4,"href":"https:\/\/www.prwrestling.com\/nw\/wp-json\/wp\/v2\/posts\/125321\/revisions"}],"predecessor-version":[{"id":125326,"href":"https:\/\/www.prwrestling.com\/nw\/wp-json\/wp\/v2\/posts\/125321\/revisions\/125326"}],"wp:featuredmedia":[{"embeddable":true,"href":"https:\/\/www.prwrestling.com\/nw\/wp-json\/wp\/v2\/media\/124996"}],"wp:attachment":[{"href":"https:\/\/www.prwrestling.com\/nw\/wp-json\/wp\/v2\/media?parent=125321"}],"wp:term":[{"taxonomy":"category","embeddable":true,"href":"https:\/\/www.prwrestling.com\/nw\/wp-json\/wp\/v2\/categories?post=125321"},{"taxonomy":"post_tag","embeddable":true,"href":"https:\/\/www.prwrestling.com\/nw\/wp-json\/wp\/v2\/tags?post=125321"}],"curies":[{"name":"wp","href":"https:\/\/api.w.org\/{rel}","templated":true}]}}