{"id":125339,"date":"2020-06-18T11:49:40","date_gmt":"2020-06-18T15:49:40","guid":{"rendered":"https:\/\/www.prwrestling.com\/nw\/?p=125339"},"modified":"2020-06-18T11:54:05","modified_gmt":"2020-06-18T15:54:05","slug":"undertaker-relata-la-ocasion-que-quiso-golpear-a-vince","status":"publish","type":"post","link":"https:\/\/www.prwrestling.com\/nw\/undertaker-relata-la-ocasion-que-quiso-golpear-a-vince\/","title":{"rendered":"Undertaker relata la ocasi\u00f3n que quiso golpear a Vince"},"content":{"rendered":"<p>Mientras hablaba con After The Bell, The Undertaker revel\u00f3 c\u00f3mo Vince McMahon puede hablar con \u00e9l como nadie m\u00e1s.<!--more--> Eso no significa que The Undertaker nunca haya querido noquear a Vince McMahon.<div id=\"ad-slot\" style=\"min-width: 300px; min-height: 250px;\">\r\n<p style=\"text-align: center;\">\r\n<script async src=\"https:\/\/pagead2.googlesyndication.com\/pagead\/js\/adsbygoogle.js\"><\/script>\r\n<!-- 300x250 sc a -->\r\n<ins class=\"adsbygoogle\"\r\n     style=\"display:inline-block;width:300px;height:250px\"\r\n     data-ad-client=\"ca-pub-1244235910658811\"\r\n     data-ad-slot=\"8592682546\"><\/ins>\r\n<script>\r\n     (adsbygoogle = window.adsbygoogle || []).push({});\r\n<\/script><\/center>\r\n<\/p><\/div><br \/>\n\u201cTen\u00eda un mont\u00f3n de problemas personales en mi vida. Realmente me estaba afectando a m\u00ed y a mi capacidad de rendimiento y mi capacidad de querer ir y luchar. Quiero decir que estaba consumido, y con raz\u00f3n&#8230; Vince me llev\u00f3 directamente a su oficina un d\u00eda cuando comenzamos a hablar de eso y me mir\u00f3 directamente a los ojos y dijo: &#8220;Mark, debes dejar de sentir pena por ti mismo&#8221;. Me pregunt\u00e9 &#8220;\u00bfqu\u00e9?&#8221;<\/p>\n<p>&#8220;Dijo &#8216;tienes que dejar de sentir pena por ti mismo y sacarte el c*lo y hacer lo que se supone que debes hacer&#8217;. Incluso entonces era como si tuviera la urgencia dentro de m\u00ed de levantarme y golpearlo, pero luego, mientras procesaba todo eso, supe que ten\u00eda raz\u00f3n &#8220;.<br \/>\n<div id=\"ad-slot\" style=\"min-width: 300px; min-height: 250px;\"><p style=\"text-align: center;\">\r\n<script async src=\"https:\/\/pagead2.googlesyndication.com\/pagead\/js\/adsbygoogle.js\"><\/script>\r\n<!-- Responsive sc c -->\r\n<ins class=\"adsbygoogle\"\r\n     style=\"display:block\"\r\n     data-ad-client=\"ca-pub-1244235910658811\"\r\n     data-ad-slot=\"4234005358\"\r\n     data-ad-format=\"auto\"\r\n     data-full-width-responsive=\"true\"><\/ins>\r\n<script>\r\n     (adsbygoogle = window.adsbygoogle || []).push({});\r\n<\/script><\/p><\/div><br \/>\n&#8220;No hay mucha gente que pueda decirme algo\u00a0 que llegar\u00eda a donde me gustar\u00eda levantarme y golpearlo en la cara, pero era Vince y sab\u00eda de d\u00f3nde ven\u00eda. Sab\u00eda que ven\u00eda del coraz\u00f3n. Sab\u00eda que le importaba y que me amaba. Sab\u00eda que era su forma de decir, agrupate, Debra ser quien eres ,&#8221; dijo.<\/p>\n","protected":false},"excerpt":{"rendered":"<p>Mientras hablaba con After The Bell, The Undertaker revel\u00f3 c\u00f3mo Vince McMahon puede hablar con \u00e9l como nadie m\u00e1s.<\/p>\n","protected":false},"author":1,"featured_media":125342,"comment_status":"open","ping_status":"closed","sticky":false,"template":"","format":"standard","meta":{"footnotes":""},"categories":[5,38],"tags":[9],"class_list":{"0":"post-125339","1":"post","2":"type-post","3":"status-publish","4":"format-standard","5":"has-post-thumbnail","7":"category-noticias","8":"category-noticias-y-rumores-de-la-wwe","9":"tag-wwe"},"_links":{"self":[{"href":"https:\/\/www.prwrestling.com\/nw\/wp-json\/wp\/v2\/posts\/125339","targetHints":{"allow":["GET"]}}],"collection":[{"href":"https:\/\/www.prwrestling.com\/nw\/wp-json\/wp\/v2\/posts"}],"about":[{"href":"https:\/\/www.prwrestling.com\/nw\/wp-json\/wp\/v2\/types\/post"}],"author":[{"embeddable":true,"href":"https:\/\/www.prwrestling.com\/nw\/wp-json\/wp\/v2\/users\/1"}],"replies":[{"embeddable":true,"href":"https:\/\/www.prwrestling.com\/nw\/wp-json\/wp\/v2\/comments?post=125339"}],"version-history":[{"count":2,"href":"https:\/\/www.prwrestling.com\/nw\/wp-json\/wp\/v2\/posts\/125339\/revisions"}],"predecessor-version":[{"id":125343,"href":"https:\/\/www.prwrestling.com\/nw\/wp-json\/wp\/v2\/posts\/125339\/revisions\/125343"}],"wp:featuredmedia":[{"embeddable":true,"href":"https:\/\/www.prwrestling.com\/nw\/wp-json\/wp\/v2\/media\/125342"}],"wp:attachment":[{"href":"https:\/\/www.prwrestling.com\/nw\/wp-json\/wp\/v2\/media?parent=125339"}],"wp:term":[{"taxonomy":"category","embeddable":true,"href":"https:\/\/www.prwrestling.com\/nw\/wp-json\/wp\/v2\/categories?post=125339"},{"taxonomy":"post_tag","embeddable":true,"href":"https:\/\/www.prwrestling.com\/nw\/wp-json\/wp\/v2\/tags?post=125339"}],"curies":[{"name":"wp","href":"https:\/\/api.w.org\/{rel}","templated":true}]}}