{"id":125418,"date":"2020-06-20T21:38:40","date_gmt":"2020-06-21T01:38:40","guid":{"rendered":"https:\/\/www.prwrestling.com\/nw\/?p=125418"},"modified":"2020-06-20T22:40:36","modified_gmt":"2020-06-21T02:40:36","slug":"mysterio-odiraria-perder-su-carrera-ante-su-hijo","status":"publish","type":"post","link":"https:\/\/www.prwrestling.com\/nw\/mysterio-odiraria-perder-su-carrera-ante-su-hijo\/","title":{"rendered":"Mysterio odiar\u00eda perder su carrera ante su hijo"},"content":{"rendered":"<p>Mientras hablaba con Rock Around the Ring, le preguntaron a Rey Mysterio sobre su inminente combate final.<!--more--> No est\u00e1 claro cu\u00e1ndo se retirar\u00e1 definitivamente, pero es l\u00f3gico pensar que a su carrera no le quedan muchos a\u00f1os, si es as\u00ed.<div id=\"ad-slot\" style=\"min-width: 300px; min-height: 250px;\">\r\n<p style=\"text-align: center;\">\r\n<script async src=\"https:\/\/pagead2.googlesyndication.com\/pagead\/js\/adsbygoogle.js\"><\/script>\r\n<!-- 300x250 sc a -->\r\n<ins class=\"adsbygoogle\"\r\n     style=\"display:inline-block;width:300px;height:250px\"\r\n     data-ad-client=\"ca-pub-1244235910658811\"\r\n     data-ad-slot=\"8592682546\"><\/ins>\r\n<script>\r\n     (adsbygoogle = window.adsbygoogle || []).push({});\r\n<\/script><\/center>\r\n<\/p><\/div><br \/>\nMysterio declar\u00f3 que odiar\u00eda enfrentar a su hijo cuando surgi\u00f3 la propuesta. Por supuesto, \u00e9l no tiene esa opci\u00f3n, pero ciertamente no es la forma en que quiere terminar su carrera.<\/p>\n<p>&#8220;Eso es algo que odiar\u00eda. Odiar\u00eda salir y que mi hijo se haga cargo de mi \u00faltima lucha. Creo que la antorcha ya pas\u00f3 y eventualmente volver\u00e9 a pasarle en que compartamos en el ring y luchemos frente a los fan\u00e1ticos. Ah\u00ed es cuando le pasar\u00e9 la antorcha,&#8221; dijo.<br \/>\n<div id=\"ad-slot\" style=\"min-width: 300px; min-height: 250px;\"><p style=\"text-align: center;\">\r\n<script async src=\"https:\/\/pagead2.googlesyndication.com\/pagead\/js\/adsbygoogle.js\"><\/script>\r\n<!-- Responsive sc c -->\r\n<ins class=\"adsbygoogle\"\r\n     style=\"display:block\"\r\n     data-ad-client=\"ca-pub-1244235910658811\"\r\n     data-ad-slot=\"4234005358\"\r\n     data-ad-format=\"auto\"\r\n     data-full-width-responsive=\"true\"><\/ins>\r\n<script>\r\n     (adsbygoogle = window.adsbygoogle || []).push({});\r\n<\/script><\/p><\/div><br \/>\nMysterio est\u00e1 pautado a estar presente este pr\u00f3ximo lunes en Raw.<\/p>\n","protected":false},"excerpt":{"rendered":"<p>Mientras hablaba con Rock Around the Ring, le preguntaron a Rey Mysterio sobre su inminente combate final.<\/p>\n","protected":false},"author":1,"featured_media":125419,"comment_status":"open","ping_status":"closed","sticky":false,"template":"","format":"standard","meta":{"footnotes":""},"categories":[5,38],"tags":[1581,9],"class_list":{"0":"post-125418","1":"post","2":"type-post","3":"status-publish","4":"format-standard","5":"has-post-thumbnail","7":"category-noticias","8":"category-noticias-y-rumores-de-la-wwe","9":"tag-rey-mysterio","10":"tag-wwe"},"_links":{"self":[{"href":"https:\/\/www.prwrestling.com\/nw\/wp-json\/wp\/v2\/posts\/125418","targetHints":{"allow":["GET"]}}],"collection":[{"href":"https:\/\/www.prwrestling.com\/nw\/wp-json\/wp\/v2\/posts"}],"about":[{"href":"https:\/\/www.prwrestling.com\/nw\/wp-json\/wp\/v2\/types\/post"}],"author":[{"embeddable":true,"href":"https:\/\/www.prwrestling.com\/nw\/wp-json\/wp\/v2\/users\/1"}],"replies":[{"embeddable":true,"href":"https:\/\/www.prwrestling.com\/nw\/wp-json\/wp\/v2\/comments?post=125418"}],"version-history":[{"count":2,"href":"https:\/\/www.prwrestling.com\/nw\/wp-json\/wp\/v2\/posts\/125418\/revisions"}],"predecessor-version":[{"id":125422,"href":"https:\/\/www.prwrestling.com\/nw\/wp-json\/wp\/v2\/posts\/125418\/revisions\/125422"}],"wp:featuredmedia":[{"embeddable":true,"href":"https:\/\/www.prwrestling.com\/nw\/wp-json\/wp\/v2\/media\/125419"}],"wp:attachment":[{"href":"https:\/\/www.prwrestling.com\/nw\/wp-json\/wp\/v2\/media?parent=125418"}],"wp:term":[{"taxonomy":"category","embeddable":true,"href":"https:\/\/www.prwrestling.com\/nw\/wp-json\/wp\/v2\/categories?post=125418"},{"taxonomy":"post_tag","embeddable":true,"href":"https:\/\/www.prwrestling.com\/nw\/wp-json\/wp\/v2\/tags?post=125418"}],"curies":[{"name":"wp","href":"https:\/\/api.w.org\/{rel}","templated":true}]}}