{"id":125433,"date":"2020-06-21T14:19:48","date_gmt":"2020-06-21T18:19:48","guid":{"rendered":"https:\/\/www.prwrestling.com\/nw\/?p=125433"},"modified":"2020-06-21T14:19:48","modified_gmt":"2020-06-21T18:19:48","slug":"undertaker-acepta-el-retiro-en-capitulo-final-de-last-ride","status":"publish","type":"post","link":"https:\/\/www.prwrestling.com\/nw\/undertaker-acepta-el-retiro-en-capitulo-final-de-last-ride\/","title":{"rendered":"Undertaker &#8220;acepta&#8221; el retiro en cap\u00edtulo final de &#8220;Last Ride&#8221;"},"content":{"rendered":"<p>En el episodio final de las Docuseries de WWE Network Last Ride, el legendario Undertaker una vez m\u00e1s habl\u00f3 sobre un retiro, alegando que no le queda nada por demostrar tras su enfrentamiento final contra AJ Styles en WrestleMania.<!--more--><div id=\"ad-slot\" style=\"min-width: 300px; min-height: 250px;\">\r\n<p style=\"text-align: center;\">\r\n<script async src=\"https:\/\/pagead2.googlesyndication.com\/pagead\/js\/adsbygoogle.js\"><\/script>\r\n<!-- 300x250 sc a -->\r\n<ins class=\"adsbygoogle\"\r\n     style=\"display:inline-block;width:300px;height:250px\"\r\n     data-ad-client=\"ca-pub-1244235910658811\"\r\n     data-ad-slot=\"8592682546\"><\/ins>\r\n<script>\r\n     (adsbygoogle = window.adsbygoogle || []).push({});\r\n<\/script><\/center>\r\n<\/p><\/div><br \/>\n&#8220;\u00bfEs lo que imagin\u00e9 cuando dije s\u00ed al encuentro? Absolutamente no. Pero, fue muy bueno. Y malditamente bueno era lo que estaba buscando. Es como, \u00bfc\u00f3mo superar eso?,&#8221; dijo.<\/p>\n<p>The Deadman mencion\u00f3 el fallecimiento de la leyenda de la NBA Kobe Bryan como una llamada de atenci\u00f3n para que disfrute del tiempo con su familia.<\/p>\n<p>&#8220;Incluso antes de que mi hermano falleciera, la muerte de Kobe Bryant fue sorprendente c\u00f3mo eso golpe\u00f3. Me hizo darme cuenta de que no volver\u00e9 esta vez y es hora de estar presente y dar a la casa lo que le doy al negocio. Porque nunca se sabe cu\u00e1ndo se llamar\u00e1 tu n\u00famero. No quiero perderme nada m\u00e1s porque siento que tengo que tener este cierto encuentro para alejarme. Mi carrera. Mi legado, hablan por s\u00ed mismo y estoy contento con eso. Al final del d\u00eda, eso es realmente todo lo que importa y tengo esta otra vida a la que necesito ir y experimentar y disfrutar los frutos de mi trabajo y disfrutar de las bendiciones que tengo. Mi esposa y mis hijos,&#8221; dijo.<br \/>\n<div id=\"ad-slot\" style=\"min-width: 300px; min-height: 250px;\"><p style=\"text-align: center;\">\r\n<script async src=\"https:\/\/pagead2.googlesyndication.com\/pagead\/js\/adsbygoogle.js\"><\/script>\r\n<!-- Responsive sc c -->\r\n<ins class=\"adsbygoogle\"\r\n     style=\"display:block\"\r\n     data-ad-client=\"ca-pub-1244235910658811\"\r\n     data-ad-slot=\"4234005358\"\r\n     data-ad-format=\"auto\"\r\n     data-full-width-responsive=\"true\"><\/ins>\r\n<script>\r\n     (adsbygoogle = window.adsbygoogle || []).push({});\r\n<\/script><\/p><\/div><br \/>\nAdem\u00e1s agreg\u00f3 que podr\u00eda ser mucho m\u00e1s \u00fatil fuera del ring que dentro.<\/p>\n<p>&#8220;No me queda nada por conquistar. No me queda nada por lograr. El juego ha cambiado. Es hora de que aparezcan nuevos tipos y, no s\u00e9, el momento parece correcto. Creo que este documental me ha ayudado a descubrir eso. Realmente me abri\u00f3 los ojos al panorama general y me permiti\u00f3 no juzgarme tan duramente en estos \u00faltimos a\u00f1os y ver las cosas en una escala m\u00e1s amplia. Mis compa\u00f1eros, dada su comprensi\u00f3n, realmente tuvieron la verdadera sensaci\u00f3n de que se preocupan por m\u00ed y quieren lo mejor para m\u00ed. Ha sido muy humilde permitir que esta parte de m\u00ed salga y que la gente lo acepte. Solo les he dado The Undertaker. No tienen Mark Calaway y todas las se\u00f1ales de que han aceptado a Mark Calaway. Puedo hacer m\u00e1s bien fuera del ring ahora que dentro. Y finalmente estoy en un lugar donde puedo aceptar eso. Y estoy de acuerdo con eso,&#8221; dijo.<\/p>\n","protected":false},"excerpt":{"rendered":"<p>En el episodio final de las Docuseries de WWE Network Last Ride, el legendario Undertaker una vez m\u00e1s habl\u00f3 sobre un retiro, alegando que no le queda nada por demostrar tras su enfrentamiento final contra AJ Styles en WrestleMania.<\/p>\n","protected":false},"author":1,"featured_media":125434,"comment_status":"open","ping_status":"closed","sticky":false,"template":"","format":"standard","meta":{"footnotes":""},"categories":[5,38],"tags":[1499,9],"class_list":{"0":"post-125433","1":"post","2":"type-post","3":"status-publish","4":"format-standard","5":"has-post-thumbnail","7":"category-noticias","8":"category-noticias-y-rumores-de-la-wwe","9":"tag-undertaker","10":"tag-wwe"},"_links":{"self":[{"href":"https:\/\/www.prwrestling.com\/nw\/wp-json\/wp\/v2\/posts\/125433","targetHints":{"allow":["GET"]}}],"collection":[{"href":"https:\/\/www.prwrestling.com\/nw\/wp-json\/wp\/v2\/posts"}],"about":[{"href":"https:\/\/www.prwrestling.com\/nw\/wp-json\/wp\/v2\/types\/post"}],"author":[{"embeddable":true,"href":"https:\/\/www.prwrestling.com\/nw\/wp-json\/wp\/v2\/users\/1"}],"replies":[{"embeddable":true,"href":"https:\/\/www.prwrestling.com\/nw\/wp-json\/wp\/v2\/comments?post=125433"}],"version-history":[{"count":3,"href":"https:\/\/www.prwrestling.com\/nw\/wp-json\/wp\/v2\/posts\/125433\/revisions"}],"predecessor-version":[{"id":125439,"href":"https:\/\/www.prwrestling.com\/nw\/wp-json\/wp\/v2\/posts\/125433\/revisions\/125439"}],"wp:featuredmedia":[{"embeddable":true,"href":"https:\/\/www.prwrestling.com\/nw\/wp-json\/wp\/v2\/media\/125434"}],"wp:attachment":[{"href":"https:\/\/www.prwrestling.com\/nw\/wp-json\/wp\/v2\/media?parent=125433"}],"wp:term":[{"taxonomy":"category","embeddable":true,"href":"https:\/\/www.prwrestling.com\/nw\/wp-json\/wp\/v2\/categories?post=125433"},{"taxonomy":"post_tag","embeddable":true,"href":"https:\/\/www.prwrestling.com\/nw\/wp-json\/wp\/v2\/tags?post=125433"}],"curies":[{"name":"wp","href":"https:\/\/api.w.org\/{rel}","templated":true}]}}