{"id":12544,"date":"2017-04-17T23:55:42","date_gmt":"2017-04-18T03:55:42","guid":{"rendered":"http:\/\/prwrestling.com\/nw\/?p=12544"},"modified":"2017-04-17T23:55:42","modified_gmt":"2017-04-18T03:55:42","slug":"video-balor-regresa-al-ring-luego-de-incertidumbre-sobre-estado-de-salud","status":"publish","type":"post","link":"https:\/\/www.prwrestling.com\/nw\/video-balor-regresa-al-ring-luego-de-incertidumbre-sobre-estado-de-salud\/","title":{"rendered":"VIDEO: B\u00c1LOR REGRESA AL RING LUEGO DE INCERTIDUMBRE SOBRE ESTADO DE SALUD"},"content":{"rendered":"<p><a href=\"http:\/\/prwrestling.com\/nw\/wp-content\/uploads\/2017\/04\/BALOR.png\" target=\"_blank\" rel=\"noopener\"><img loading=\"lazy\" decoding=\"async\" class=\"alignnone  wp-image-12545\" alt=\"BALOR\" src=\"http:\/\/prwrestling.com\/nw\/wp-content\/uploads\/2017\/04\/BALOR.png\" width=\"376\" height=\"202\" \/><\/a><\/p>\n<p><em>Se hab\u00eda informado que Finn B\u00e1lor estar\u00eda en RAW, pero tras bastidores y donde le realizar\u00edan unas pruebas para ver si estaba capacitado a regresar al ring.<!--more--><\/em><\/p>\n<p>Rumores indicaban que B\u00e1lor sufri\u00f3 una conmoci\u00f3n cerebral durante su lucha de la semana pasada contra Jinder Mahal debido al impacto del golpe y el tipo de ca\u00edda que sufri\u00f3 este.<script type=\"text\/javascript\">\/\/ <![CDATA[\n    google_ad_client = \"ca-pub-4432518938189770\";\n    google_ad_slot = \"8848533845\";\n    google_ad_width = 300;\n    google_ad_height = 250;\n\/\/ ]]><\/script><br \/>\n<!-- 300 x 200 - rpeortajes --><br \/>\n<script type=\"text\/javascript\" src=\"\/\/pagead2.googlesyndication.com\/pagead\/show_ads.js\">\/\/ <![CDATA[\n\n\/\/ ]]><\/script><br \/>\nComo resultado de todo esto, B\u00e1lor compiti\u00f3 en RAW contra Curt Hawkins, lo que indica que este seguir\u00e1 luchando, aunque el dato de todo esto es que la lucha fue muy corta.<\/p>\n<p>VIDEO LUCHA COMPLETA:<\/p>\n<p><iframe loading=\"lazy\" src=\"https:\/\/www.youtube.com\/embed\/_ejRTCStxLo\" height=\"315\" width=\"560\" allowfullscreen=\"\" frameborder=\"0\"><\/iframe><script type=\"text\/javascript\">\/\/ <![CDATA[\n    google_ad_client = \"ca-pub-4432518938189770\";\n    google_ad_slot = \"8848533845\";\n    google_ad_width = 300;\n    google_ad_height = 250;\n\/\/ ]]><\/script><br \/>\n<!-- 300 x 200 - rpeortajes --><br \/>\n<script type=\"text\/javascript\" src=\"\/\/pagead2.googlesyndication.com\/pagead\/show_ads.js\">\/\/ <![CDATA[\n\n\/\/ ]]><\/script><\/p>\n","protected":false},"excerpt":{"rendered":"<p>Se hab\u00eda informado que Finn B\u00e1lor estar\u00eda en RAW, pero tras bastidores y donde le realizar\u00edan unas pruebas para ver si estaba capacitado a regresar al ring.<\/p>\n","protected":false},"author":1,"featured_media":12545,"comment_status":"closed","ping_status":"closed","sticky":false,"template":"","format":"standard","meta":{"footnotes":""},"categories":[5],"tags":[],"class_list":{"0":"post-12544","1":"post","2":"type-post","3":"status-publish","4":"format-standard","5":"has-post-thumbnail","7":"category-noticias"},"_links":{"self":[{"href":"https:\/\/www.prwrestling.com\/nw\/wp-json\/wp\/v2\/posts\/12544","targetHints":{"allow":["GET"]}}],"collection":[{"href":"https:\/\/www.prwrestling.com\/nw\/wp-json\/wp\/v2\/posts"}],"about":[{"href":"https:\/\/www.prwrestling.com\/nw\/wp-json\/wp\/v2\/types\/post"}],"author":[{"embeddable":true,"href":"https:\/\/www.prwrestling.com\/nw\/wp-json\/wp\/v2\/users\/1"}],"replies":[{"embeddable":true,"href":"https:\/\/www.prwrestling.com\/nw\/wp-json\/wp\/v2\/comments?post=12544"}],"version-history":[{"count":2,"href":"https:\/\/www.prwrestling.com\/nw\/wp-json\/wp\/v2\/posts\/12544\/revisions"}],"predecessor-version":[{"id":12547,"href":"https:\/\/www.prwrestling.com\/nw\/wp-json\/wp\/v2\/posts\/12544\/revisions\/12547"}],"wp:featuredmedia":[{"embeddable":true,"href":"https:\/\/www.prwrestling.com\/nw\/wp-json\/wp\/v2\/media\/12545"}],"wp:attachment":[{"href":"https:\/\/www.prwrestling.com\/nw\/wp-json\/wp\/v2\/media?parent=12544"}],"wp:term":[{"taxonomy":"category","embeddable":true,"href":"https:\/\/www.prwrestling.com\/nw\/wp-json\/wp\/v2\/categories?post=12544"},{"taxonomy":"post_tag","embeddable":true,"href":"https:\/\/www.prwrestling.com\/nw\/wp-json\/wp\/v2\/tags?post=12544"}],"curies":[{"name":"wp","href":"https:\/\/api.w.org\/{rel}","templated":true}]}}