{"id":125506,"date":"2020-06-23T22:22:28","date_gmt":"2020-06-24T02:22:28","guid":{"rendered":"https:\/\/www.prwrestling.com\/nw\/?p=125506"},"modified":"2020-06-23T22:28:41","modified_gmt":"2020-06-24T02:28:41","slug":"el-madison-square-garden-la-rinde-tributo-a-undertaker","status":"publish","type":"post","link":"https:\/\/www.prwrestling.com\/nw\/el-madison-square-garden-la-rinde-tributo-a-undertaker\/","title":{"rendered":"El Madison Square Garden le rinde tributo a Undertaker"},"content":{"rendered":"<p>WWE emiti\u00f3 un comunicado de prensa que revela que el hist\u00f3rico lugar del Madison Square Garden en Nueva York rindi\u00f3 homenaje al legendario Undertaker despu\u00e9s de la conclusi\u00f3n de las docuseries Last Ride y su posible retiro.<!--more--><div id=\"ad-slot\" style=\"min-width: 300px; min-height: 250px;\">\r\n<p style=\"text-align: center;\">\r\n<script async src=\"https:\/\/pagead2.googlesyndication.com\/pagead\/js\/adsbygoogle.js\"><\/script>\r\n<!-- 300x250 sc a -->\r\n<ins class=\"adsbygoogle\"\r\n     style=\"display:inline-block;width:300px;height:250px\"\r\n     data-ad-client=\"ca-pub-1244235910658811\"\r\n     data-ad-slot=\"8592682546\"><\/ins>\r\n<script>\r\n     (adsbygoogle = window.adsbygoogle || []).push({});\r\n<\/script><\/center>\r\n<\/p><\/div><br \/>\nLa promoci\u00f3n del lugar dice: &#8220;Ofreciendo 30 a\u00f1os de momentos legendarios en la Arena m\u00e1s famosa del mundo. #ThankYouTaker &#8220;.<\/p>\n<blockquote class=\"twitter-tweet\">\n<p dir=\"ltr\" lang=\"en\">Delivering 30 years of legendary moments at The World\u2019s Most Famous Arena. <a href=\"https:\/\/twitter.com\/hashtag\/ThankYouTaker?src=hash&amp;ref_src=twsrc%5Etfw\" target=\"_blank\" rel=\"noopener\">#ThankYouTaker<\/a> <a href=\"https:\/\/twitter.com\/WWE?ref_src=twsrc%5Etfw\" target=\"_blank\" rel=\"noopener\">@WWE<\/a> <a href=\"https:\/\/t.co\/LXIoVzPHXl\">pic.twitter.com\/LXIoVzPHXl<\/a><\/p>\n<p>\u2014 MSG (@TheGarden) <a href=\"https:\/\/twitter.com\/TheGarden\/status\/1275563784044675074?ref_src=twsrc%5Etfw\" target=\"_blank\" rel=\"noopener\">June 23, 2020<\/a><\/p><\/blockquote>\n<p><script async src=\"https:\/\/platform.twitter.com\/widgets.js\" charset=\"utf-8\"><\/script><\/p>\n<h2><strong>Avance Mark Henry en Broken Skull Sessions<\/strong><\/h2>\n<p>El pr\u00f3ximo episodio se transmitir\u00e1 este domingo en el WWE Network con Steve Austin entrevistando a Mark Henry.<br \/>\n<div id=\"ad-slot\" style=\"min-width: 300px; min-height: 250px;\"><p style=\"text-align: center;\">\r\n<script async src=\"https:\/\/pagead2.googlesyndication.com\/pagead\/js\/adsbygoogle.js\"><\/script>\r\n<!-- Responsive sc c -->\r\n<ins class=\"adsbygoogle\"\r\n     style=\"display:block\"\r\n     data-ad-client=\"ca-pub-1244235910658811\"\r\n     data-ad-slot=\"4234005358\"\r\n     data-ad-format=\"auto\"\r\n     data-full-width-responsive=\"true\"><\/ins>\r\n<script>\r\n     (adsbygoogle = window.adsbygoogle || []).push({});\r\n<\/script><\/p><\/div><br \/>\nPuedes ver un clip con Austin dando a Henry 30 segundos para responder varias preguntas relacionadas con la WWE:<br \/>\n<iframe loading=\"lazy\" src=\"https:\/\/www.youtube.com\/embed\/Cyg34zb-8Cw\" width=\"560\" height=\"315\" frameborder=\"0\" allowfullscreen=\"allowfullscreen\"><\/iframe><\/p>\n","protected":false},"excerpt":{"rendered":"<p>WWE emiti\u00f3 un comunicado de prensa que revela que el hist\u00f3rico lugar del Madison Square Garden en Nueva York rindi\u00f3 homenaje al legendario Undertaker despu\u00e9s de la conclusi\u00f3n de las docuseries Last Ride y su posible retiro.<\/p>\n","protected":false},"author":1,"featured_media":9338,"comment_status":"open","ping_status":"closed","sticky":false,"template":"","format":"standard","meta":{"footnotes":""},"categories":[5,38],"tags":[1499,9],"class_list":{"0":"post-125506","1":"post","2":"type-post","3":"status-publish","4":"format-standard","5":"has-post-thumbnail","7":"category-noticias","8":"category-noticias-y-rumores-de-la-wwe","9":"tag-undertaker","10":"tag-wwe"},"_links":{"self":[{"href":"https:\/\/www.prwrestling.com\/nw\/wp-json\/wp\/v2\/posts\/125506","targetHints":{"allow":["GET"]}}],"collection":[{"href":"https:\/\/www.prwrestling.com\/nw\/wp-json\/wp\/v2\/posts"}],"about":[{"href":"https:\/\/www.prwrestling.com\/nw\/wp-json\/wp\/v2\/types\/post"}],"author":[{"embeddable":true,"href":"https:\/\/www.prwrestling.com\/nw\/wp-json\/wp\/v2\/users\/1"}],"replies":[{"embeddable":true,"href":"https:\/\/www.prwrestling.com\/nw\/wp-json\/wp\/v2\/comments?post=125506"}],"version-history":[{"count":4,"href":"https:\/\/www.prwrestling.com\/nw\/wp-json\/wp\/v2\/posts\/125506\/revisions"}],"predecessor-version":[{"id":125511,"href":"https:\/\/www.prwrestling.com\/nw\/wp-json\/wp\/v2\/posts\/125506\/revisions\/125511"}],"wp:featuredmedia":[{"embeddable":true,"href":"https:\/\/www.prwrestling.com\/nw\/wp-json\/wp\/v2\/media\/9338"}],"wp:attachment":[{"href":"https:\/\/www.prwrestling.com\/nw\/wp-json\/wp\/v2\/media?parent=125506"}],"wp:term":[{"taxonomy":"category","embeddable":true,"href":"https:\/\/www.prwrestling.com\/nw\/wp-json\/wp\/v2\/categories?post=125506"},{"taxonomy":"post_tag","embeddable":true,"href":"https:\/\/www.prwrestling.com\/nw\/wp-json\/wp\/v2\/tags?post=125506"}],"curies":[{"name":"wp","href":"https:\/\/api.w.org\/{rel}","templated":true}]}}