{"id":125545,"date":"2020-06-25T08:55:09","date_gmt":"2020-06-25T12:55:09","guid":{"rendered":"https:\/\/www.prwrestling.com\/nw\/?p=125545"},"modified":"2020-06-25T09:53:07","modified_gmt":"2020-06-25T13:53:07","slug":"luchas-anunciadas-para-las-dos-noches-de-aew-fyter-fest","status":"publish","type":"post","link":"https:\/\/www.prwrestling.com\/nw\/luchas-anunciadas-para-las-dos-noches-de-aew-fyter-fest\/","title":{"rendered":"Luchas anunciadas para las dos noches de AEW Fyter Fest"},"content":{"rendered":"<p>AEW anunci\u00f3 la alineaci\u00f3n completa para el especial de Fyter Fest, que comenzar\u00e1 la pr\u00f3xima semana (1 de julio) como un especial de dos semanas de Dynamite hasta el 8 de julio.<!--more--><div id=\"ad-slot\" style=\"min-width: 300px; min-height: 250px;\">\r\n<p style=\"text-align: center;\">\r\n<script async src=\"https:\/\/pagead2.googlesyndication.com\/pagead\/js\/adsbygoogle.js\"><\/script>\r\n<!-- 300x250 sc a -->\r\n<ins class=\"adsbygoogle\"\r\n     style=\"display:inline-block;width:300px;height:250px\"\r\n     data-ad-client=\"ca-pub-1244235910658811\"\r\n     data-ad-slot=\"8592682546\"><\/ins>\r\n<script>\r\n     (adsbygoogle = window.adsbygoogle || []).push({});\r\n<\/script><\/center>\r\n<\/p><\/div><br \/>\nA continuaci\u00f3n las luchas anunciadas:<\/p>\n<p><strong>1 DE JULIO:<\/strong><\/p>\n<p>Cody Rhodes vs Jake Hager por el campeonato TNT<\/p>\n<p>Best Friends vs. Kenny Omega \/ Hangman Page por los campeonatos en pareja AEW<\/p>\n<p>Jurassic Express vs. MJF y Wardlow<\/p>\n<p>Private Party vs Santana y Ortiz<\/p>\n<p>Hikaru Shida vs Pen\u00e9lope Ford por el campeonato femenino de AEW<br \/>\n<div id=\"ad-slot\" style=\"min-width: 300px; min-height: 250px;\"><p style=\"text-align: center;\">\r\n<script async src=\"https:\/\/pagead2.googlesyndication.com\/pagead\/js\/adsbygoogle.js\"><\/script>\r\n<!-- Responsive sc c -->\r\n<ins class=\"adsbygoogle\"\r\n     style=\"display:block\"\r\n     data-ad-client=\"ca-pub-1244235910658811\"\r\n     data-ad-slot=\"4234005358\"\r\n     data-ad-format=\"auto\"\r\n     data-full-width-responsive=\"true\"><\/ins>\r\n<script>\r\n     (adsbygoogle = window.adsbygoogle || []).push({});\r\n<\/script><\/p><\/div><br \/>\n<strong>8 DE JULIO:<\/strong><\/p>\n<p>Jon Moxley vs Brian Cage por el campeonato mundial de AEW<\/p>\n<p>Chris Jericho vs. Orange Cassidy<\/p>\n<p>Young Bucks \/ FTR vs. Butcher y The Blade \/ Lucha Bros<\/p>\n<p>Lance Archer vs Joey Janela<\/p>\n<p>Nyla Rose estar\u00e1 en acci\u00f3n<\/p>\n<p>SCU vs. Brodie Lee \/ Colt Cabana \/ Stu Grayson<\/p>\n","protected":false},"excerpt":{"rendered":"<p>AEW anunci\u00f3 la alineaci\u00f3n completa para el especial de Fyter Fest, que comenzar\u00e1 la pr\u00f3xima semana (1 de julio) como un especial de dos semanas de Dynamite hasta el 8 de julio.<\/p>\n","protected":false},"author":1,"featured_media":125546,"comment_status":"open","ping_status":"closed","sticky":false,"template":"","format":"standard","meta":{"footnotes":""},"categories":[5,38],"tags":[1354],"class_list":{"0":"post-125545","1":"post","2":"type-post","3":"status-publish","4":"format-standard","5":"has-post-thumbnail","7":"category-noticias","8":"category-noticias-y-rumores-de-la-wwe","9":"tag-aew"},"_links":{"self":[{"href":"https:\/\/www.prwrestling.com\/nw\/wp-json\/wp\/v2\/posts\/125545","targetHints":{"allow":["GET"]}}],"collection":[{"href":"https:\/\/www.prwrestling.com\/nw\/wp-json\/wp\/v2\/posts"}],"about":[{"href":"https:\/\/www.prwrestling.com\/nw\/wp-json\/wp\/v2\/types\/post"}],"author":[{"embeddable":true,"href":"https:\/\/www.prwrestling.com\/nw\/wp-json\/wp\/v2\/users\/1"}],"replies":[{"embeddable":true,"href":"https:\/\/www.prwrestling.com\/nw\/wp-json\/wp\/v2\/comments?post=125545"}],"version-history":[{"count":2,"href":"https:\/\/www.prwrestling.com\/nw\/wp-json\/wp\/v2\/posts\/125545\/revisions"}],"predecessor-version":[{"id":125549,"href":"https:\/\/www.prwrestling.com\/nw\/wp-json\/wp\/v2\/posts\/125545\/revisions\/125549"}],"wp:featuredmedia":[{"embeddable":true,"href":"https:\/\/www.prwrestling.com\/nw\/wp-json\/wp\/v2\/media\/125546"}],"wp:attachment":[{"href":"https:\/\/www.prwrestling.com\/nw\/wp-json\/wp\/v2\/media?parent=125545"}],"wp:term":[{"taxonomy":"category","embeddable":true,"href":"https:\/\/www.prwrestling.com\/nw\/wp-json\/wp\/v2\/categories?post=125545"},{"taxonomy":"post_tag","embeddable":true,"href":"https:\/\/www.prwrestling.com\/nw\/wp-json\/wp\/v2\/tags?post=125545"}],"curies":[{"name":"wp","href":"https:\/\/api.w.org\/{rel}","templated":true}]}}