{"id":125550,"date":"2020-06-25T10:56:25","date_gmt":"2020-06-25T14:56:25","guid":{"rendered":"https:\/\/www.prwrestling.com\/nw\/?p=125550"},"modified":"2020-06-25T11:00:23","modified_gmt":"2020-06-25T15:00:23","slug":"dos-personas-mas-en-wwe-confirman-tienen-el-covid-19","status":"publish","type":"post","link":"https:\/\/www.prwrestling.com\/nw\/dos-personas-mas-en-wwe-confirman-tienen-el-covid-19\/","title":{"rendered":"Dos personas m\u00e1s en WWE confirman tienen el COVID-19"},"content":{"rendered":"<p>La entrevistadora Kayla Braxton revel\u00f3 en Twitter esta ma\u00f1ana que tiene el coronavirus por segunda vez.<!--more--><div id=\"ad-slot\" style=\"min-width: 300px; min-height: 250px;\">\r\n<p style=\"text-align: center;\">\r\n<script async src=\"https:\/\/pagead2.googlesyndication.com\/pagead\/js\/adsbygoogle.js\"><\/script>\r\n<!-- 300x250 sc a -->\r\n<ins class=\"adsbygoogle\"\r\n     style=\"display:inline-block;width:300px;height:250px\"\r\n     data-ad-client=\"ca-pub-1244235910658811\"\r\n     data-ad-slot=\"8592682546\"><\/ins>\r\n<script>\r\n     (adsbygoogle = window.adsbygoogle || []).push({});\r\n<\/script><\/center>\r\n<\/p><\/div><br \/>\nBraxton revel\u00f3 que atrap\u00f3 COVID-19 por primera vez en marzo, y ahora lo tiene de nuevo.<\/p>\n<p>&#8220;Lo mantuve en silencio, pero como todos los dem\u00e1s comparten, siento que es mi responsabilidad compartir este anuncio de servicio p\u00fablico: \u00a1PUEDES OBTENER COVID-19 M\u00c1S QUE UNA VEZ! Lo tuve a principios de marzo y luego pens\u00e9 que era invencible despu\u00e9s de recuperarme. No es cierto. No seas tonto como yo &#8220;, escribi\u00f3 Braxton.<\/p>\n<p>Braxton ha aparecido regularmente en la TV de WWE, pero a\u00fan no se sabe si se enter\u00f3 de sus positivos en las pruebas realizadas por WWE.<br \/>\n<div id=\"ad-slot\" style=\"min-width: 300px; min-height: 250px;\"><p style=\"text-align: center;\">\r\n<script async src=\"https:\/\/pagead2.googlesyndication.com\/pagead\/js\/adsbygoogle.js\"><\/script>\r\n<!-- Responsive sc c -->\r\n<ins class=\"adsbygoogle\"\r\n     style=\"display:block\"\r\n     data-ad-client=\"ca-pub-1244235910658811\"\r\n     data-ad-slot=\"4234005358\"\r\n     data-ad-format=\"auto\"\r\n     data-full-width-responsive=\"true\"><\/ins>\r\n<script>\r\n     (adsbygoogle = window.adsbygoogle || []).push({});\r\n<\/script><\/p><\/div><br \/>\nEn adici\u00f3n el productor de la WWE y ex luchador, Adam Pearce, revel\u00f3 esta ma\u00f1ana que tambi\u00e9n tiene COVID-19, bromeando de que ese no era el regalo de cumple\u00f1os que deseaba tener.<\/p>\n","protected":false},"excerpt":{"rendered":"<p>La entrevistadora Kayla Braxton revel\u00f3 en Twitter esta ma\u00f1ana que tiene el coronavirus por segunda vez.<\/p>\n","protected":false},"author":1,"featured_media":124894,"comment_status":"open","ping_status":"closed","sticky":false,"template":"","format":"standard","meta":{"footnotes":""},"categories":[5,38],"tags":[9],"class_list":{"0":"post-125550","1":"post","2":"type-post","3":"status-publish","4":"format-standard","5":"has-post-thumbnail","7":"category-noticias","8":"category-noticias-y-rumores-de-la-wwe","9":"tag-wwe"},"_links":{"self":[{"href":"https:\/\/www.prwrestling.com\/nw\/wp-json\/wp\/v2\/posts\/125550","targetHints":{"allow":["GET"]}}],"collection":[{"href":"https:\/\/www.prwrestling.com\/nw\/wp-json\/wp\/v2\/posts"}],"about":[{"href":"https:\/\/www.prwrestling.com\/nw\/wp-json\/wp\/v2\/types\/post"}],"author":[{"embeddable":true,"href":"https:\/\/www.prwrestling.com\/nw\/wp-json\/wp\/v2\/users\/1"}],"replies":[{"embeddable":true,"href":"https:\/\/www.prwrestling.com\/nw\/wp-json\/wp\/v2\/comments?post=125550"}],"version-history":[{"count":2,"href":"https:\/\/www.prwrestling.com\/nw\/wp-json\/wp\/v2\/posts\/125550\/revisions"}],"predecessor-version":[{"id":125553,"href":"https:\/\/www.prwrestling.com\/nw\/wp-json\/wp\/v2\/posts\/125550\/revisions\/125553"}],"wp:featuredmedia":[{"embeddable":true,"href":"https:\/\/www.prwrestling.com\/nw\/wp-json\/wp\/v2\/media\/124894"}],"wp:attachment":[{"href":"https:\/\/www.prwrestling.com\/nw\/wp-json\/wp\/v2\/media?parent=125550"}],"wp:term":[{"taxonomy":"category","embeddable":true,"href":"https:\/\/www.prwrestling.com\/nw\/wp-json\/wp\/v2\/categories?post=125550"},{"taxonomy":"post_tag","embeddable":true,"href":"https:\/\/www.prwrestling.com\/nw\/wp-json\/wp\/v2\/tags?post=125550"}],"curies":[{"name":"wp","href":"https:\/\/api.w.org\/{rel}","templated":true}]}}