{"id":125560,"date":"2020-06-25T21:58:27","date_gmt":"2020-06-26T01:58:27","guid":{"rendered":"https:\/\/www.prwrestling.com\/nw\/?p=125560"},"modified":"2020-06-25T22:03:27","modified_gmt":"2020-06-26T02:03:27","slug":"tributo-a-undertaker-este-viernes-en-wwe-smackdown","status":"publish","type":"post","link":"https:\/\/www.prwrestling.com\/nw\/tributo-a-undertaker-este-viernes-en-wwe-smackdown\/","title":{"rendered":"&#8220;Tributo a Undertaker&#8221; este viernes en WWE Smackdown"},"content":{"rendered":"<p>El Undertaker est\u00e1 tranquilo con la idea de que no podr\u00eda volver a luchar. <!--more-->No ha anunciado oficialmente su retiro, pero WWE lo honrar\u00e1 de todos modos esta semana en SmackDown.<div id=\"ad-slot\" style=\"min-width: 300px; min-height: 250px;\">\r\n<p style=\"text-align: center;\">\r\n<script async src=\"https:\/\/pagead2.googlesyndication.com\/pagead\/js\/adsbygoogle.js\"><\/script>\r\n<!-- 300x250 sc a -->\r\n<ins class=\"adsbygoogle\"\r\n     style=\"display:inline-block;width:300px;height:250px\"\r\n     data-ad-client=\"ca-pub-1244235910658811\"\r\n     data-ad-slot=\"8592682546\"><\/ins>\r\n<script>\r\n     (adsbygoogle = window.adsbygoogle || []).push({});\r\n<\/script><\/center>\r\n<\/p><\/div><br \/>\nWWE revel\u00f3 que emitir\u00e1n un homenaje especial al Enterrador esta semana en Friday Night SmackDown. Despu\u00e9s del final de las docuseries Last Ride el pasado domingo, transmitir\u00e1n ahora un &#8220;Tribute To The Undertaker&#8221; en FOX.<\/p>\n<p>Solo podemos suponer que este ser\u00e1 un paquete de videos y entrevistas, y que The Deadman no hizo el viaje a Florida. WWE tiene muchos problemas en la compa\u00f1\u00eda en este momento con pruebas positivas de coronavirus y es poco probable que Taker fuera a correr el riesgo haciendo presencia.<\/p>\n<p>AJ Styles tambi\u00e9n est\u00e1 promovido para defender el T\u00edtulo IC contra Drew Gulak en el programa. Por otro lado, Sheamus\u00a0 presentar\u00e1 un segmento de &#8220;Toast To Jeff Hardy&#8221;.<br \/>\n<div id=\"ad-slot\" style=\"min-width: 300px; min-height: 250px;\"><p style=\"text-align: center;\">\r\n<script async src=\"https:\/\/pagead2.googlesyndication.com\/pagead\/js\/adsbygoogle.js\"><\/script>\r\n<!-- Responsive sc c -->\r\n<ins class=\"adsbygoogle\"\r\n     style=\"display:block\"\r\n     data-ad-client=\"ca-pub-1244235910658811\"\r\n     data-ad-slot=\"4234005358\"\r\n     data-ad-format=\"auto\"\r\n     data-full-width-responsive=\"true\"><\/ins>\r\n<script>\r\n     (adsbygoogle = window.adsbygoogle || []).push({});\r\n<\/script><\/p><\/div><\/p>\n<blockquote class=\"twitter-tweet\">\n<p dir=\"ltr\" lang=\"en\">With the <a href=\"https:\/\/twitter.com\/WWEUniverse?ref_src=twsrc%5Etfw\" target=\"_blank\" rel=\"noopener\">@WWEUniverse<\/a> still buzzing over <a href=\"https:\/\/twitter.com\/WWENetwork?ref_src=twsrc%5Etfw\" target=\"_blank\" rel=\"noopener\">@WWENetwork<\/a>&#8216;s <a href=\"https:\/\/twitter.com\/hashtag\/TheLastRide?src=hash&amp;ref_src=twsrc%5Etfw\" target=\"_blank\" rel=\"noopener\">#TheLastRide<\/a>, <a href=\"https:\/\/twitter.com\/hashtag\/SmackDown?src=hash&amp;ref_src=twsrc%5Etfw\" target=\"_blank\" rel=\"noopener\">#SmackDown<\/a> will feature a special \u201cTribute To The Undertaker\u201d tomorrow night.<a href=\"https:\/\/twitter.com\/hashtag\/ThankYouTaker?src=hash&amp;ref_src=twsrc%5Etfw\" target=\"_blank\" rel=\"noopener\">#ThankYouTaker<\/a> <a href=\"https:\/\/twitter.com\/undertaker?ref_src=twsrc%5Etfw\" target=\"_blank\" rel=\"noopener\">@undertaker<\/a> <a href=\"https:\/\/t.co\/Q5TqsGoCph\">https:\/\/t.co\/Q5TqsGoCph<\/a><\/p>\n<p>\u2014 WWE (@WWE) <a href=\"https:\/\/twitter.com\/WWE\/status\/1276304914214457345?ref_src=twsrc%5Etfw\" target=\"_blank\" rel=\"noopener\">June 26, 2020<\/a><\/p><\/blockquote>\n<p><script async src=\"https:\/\/platform.twitter.com\/widgets.js\" charset=\"utf-8\"><\/script><\/p>\n","protected":false},"excerpt":{"rendered":"<p>El Undertaker est\u00e1 tranquilo con la idea de que no podr\u00eda volver a luchar.<\/p>\n","protected":false},"author":1,"featured_media":125561,"comment_status":"open","ping_status":"closed","sticky":false,"template":"","format":"standard","meta":{"footnotes":""},"categories":[5,38],"tags":[1499,9],"class_list":{"0":"post-125560","1":"post","2":"type-post","3":"status-publish","4":"format-standard","5":"has-post-thumbnail","7":"category-noticias","8":"category-noticias-y-rumores-de-la-wwe","9":"tag-undertaker","10":"tag-wwe"},"_links":{"self":[{"href":"https:\/\/www.prwrestling.com\/nw\/wp-json\/wp\/v2\/posts\/125560","targetHints":{"allow":["GET"]}}],"collection":[{"href":"https:\/\/www.prwrestling.com\/nw\/wp-json\/wp\/v2\/posts"}],"about":[{"href":"https:\/\/www.prwrestling.com\/nw\/wp-json\/wp\/v2\/types\/post"}],"author":[{"embeddable":true,"href":"https:\/\/www.prwrestling.com\/nw\/wp-json\/wp\/v2\/users\/1"}],"replies":[{"embeddable":true,"href":"https:\/\/www.prwrestling.com\/nw\/wp-json\/wp\/v2\/comments?post=125560"}],"version-history":[{"count":3,"href":"https:\/\/www.prwrestling.com\/nw\/wp-json\/wp\/v2\/posts\/125560\/revisions"}],"predecessor-version":[{"id":125565,"href":"https:\/\/www.prwrestling.com\/nw\/wp-json\/wp\/v2\/posts\/125560\/revisions\/125565"}],"wp:featuredmedia":[{"embeddable":true,"href":"https:\/\/www.prwrestling.com\/nw\/wp-json\/wp\/v2\/media\/125561"}],"wp:attachment":[{"href":"https:\/\/www.prwrestling.com\/nw\/wp-json\/wp\/v2\/media?parent=125560"}],"wp:term":[{"taxonomy":"category","embeddable":true,"href":"https:\/\/www.prwrestling.com\/nw\/wp-json\/wp\/v2\/categories?post=125560"},{"taxonomy":"post_tag","embeddable":true,"href":"https:\/\/www.prwrestling.com\/nw\/wp-json\/wp\/v2\/tags?post=125560"}],"curies":[{"name":"wp","href":"https:\/\/api.w.org\/{rel}","templated":true}]}}