{"id":125573,"date":"2020-06-26T10:14:12","date_gmt":"2020-06-26T14:14:12","guid":{"rendered":"https:\/\/www.prwrestling.com\/nw\/?p=125573"},"modified":"2020-06-26T10:14:12","modified_gmt":"2020-06-26T14:14:12","slug":"the-ascencion-revelan-nuevo-nombre","status":"publish","type":"post","link":"https:\/\/www.prwrestling.com\/nw\/the-ascencion-revelan-nuevo-nombre\/","title":{"rendered":"The Ascencion revelan nuevo nombre"},"content":{"rendered":"<p>Viktor y Konnor ahora se conocen como The Awakening. <!--more-->Explicaron mientras hablaban con Wrestle Zone que su nuevo nombre fue sugerido y simplemente les quedaba bien.<div id=\"ad-slot\" style=\"min-width: 300px; min-height: 250px;\">\r\n<p style=\"text-align: center;\">\r\n<script async src=\"https:\/\/pagead2.googlesyndication.com\/pagead\/js\/adsbygoogle.js\"><\/script>\r\n<!-- 300x250 sc a -->\r\n<ins class=\"adsbygoogle\"\r\n     style=\"display:inline-block;width:300px;height:250px\"\r\n     data-ad-client=\"ca-pub-1244235910658811\"\r\n     data-ad-slot=\"8592682546\"><\/ins>\r\n<script>\r\n     (adsbygoogle = window.adsbygoogle || []).push({});\r\n<\/script><\/center>\r\n<\/p><\/div><br \/>\n\u201cAcabamos de recibir nuestro nuevo nombre b\u00e1sicamente, afortunadamente. \u00cdbamos a usar &#8220;FKA&#8221; por el momento solo porque nos gustaba. Sab\u00edamos que todo el mundo nos conoc\u00eda como The Ascension durante mucho tiempo, y para saltar [de eso], realmente no pudimos resolverlo por un tiempo. Hab\u00edamos estado hablando tanto de un lado a otro, analizando todas estas otras ideas y nos la presentaron la otra semana a trav\u00e9s de una entrevista &#8230; &#8221;<br \/>\n<div id=\"ad-slot\" style=\"min-width: 300px; min-height: 250px;\"><p style=\"text-align: center;\">\r\n<script async src=\"https:\/\/pagead2.googlesyndication.com\/pagead\/js\/adsbygoogle.js\"><\/script>\r\n<!-- Responsive sc c -->\r\n<ins class=\"adsbygoogle\"\r\n     style=\"display:block\"\r\n     data-ad-client=\"ca-pub-1244235910658811\"\r\n     data-ad-slot=\"4234005358\"\r\n     data-ad-format=\"auto\"\r\n     data-full-width-responsive=\"true\"><\/ins>\r\n<script>\r\n     (adsbygoogle = window.adsbygoogle || []).push({});\r\n<\/script><\/p><\/div><br \/>\nKonnor agreg\u00f3 diciendo que &#8220;The Awakening, es como si fuera el pr\u00f3ximo paso del Ascensi\u00f3n&#8221;. No solo hemos ascendido, sino que ahora est\u00e1n despiertos.<\/p>\n","protected":false},"excerpt":{"rendered":"<p>Viktor y Konnor ahora se conocen como The Awakening.<\/p>\n","protected":false},"author":1,"featured_media":2274,"comment_status":"open","ping_status":"closed","sticky":false,"template":"","format":"standard","meta":{"footnotes":""},"categories":[5],"tags":[],"class_list":{"0":"post-125573","1":"post","2":"type-post","3":"status-publish","4":"format-standard","5":"has-post-thumbnail","7":"category-noticias"},"_links":{"self":[{"href":"https:\/\/www.prwrestling.com\/nw\/wp-json\/wp\/v2\/posts\/125573","targetHints":{"allow":["GET"]}}],"collection":[{"href":"https:\/\/www.prwrestling.com\/nw\/wp-json\/wp\/v2\/posts"}],"about":[{"href":"https:\/\/www.prwrestling.com\/nw\/wp-json\/wp\/v2\/types\/post"}],"author":[{"embeddable":true,"href":"https:\/\/www.prwrestling.com\/nw\/wp-json\/wp\/v2\/users\/1"}],"replies":[{"embeddable":true,"href":"https:\/\/www.prwrestling.com\/nw\/wp-json\/wp\/v2\/comments?post=125573"}],"version-history":[{"count":1,"href":"https:\/\/www.prwrestling.com\/nw\/wp-json\/wp\/v2\/posts\/125573\/revisions"}],"predecessor-version":[{"id":125574,"href":"https:\/\/www.prwrestling.com\/nw\/wp-json\/wp\/v2\/posts\/125573\/revisions\/125574"}],"wp:featuredmedia":[{"embeddable":true,"href":"https:\/\/www.prwrestling.com\/nw\/wp-json\/wp\/v2\/media\/2274"}],"wp:attachment":[{"href":"https:\/\/www.prwrestling.com\/nw\/wp-json\/wp\/v2\/media?parent=125573"}],"wp:term":[{"taxonomy":"category","embeddable":true,"href":"https:\/\/www.prwrestling.com\/nw\/wp-json\/wp\/v2\/categories?post=125573"},{"taxonomy":"post_tag","embeddable":true,"href":"https:\/\/www.prwrestling.com\/nw\/wp-json\/wp\/v2\/tags?post=125573"}],"curies":[{"name":"wp","href":"https:\/\/api.w.org\/{rel}","templated":true}]}}