{"id":125576,"date":"2020-06-26T12:47:24","date_gmt":"2020-06-26T16:47:24","guid":{"rendered":"https:\/\/www.prwrestling.com\/nw\/?p=125576"},"modified":"2020-06-26T12:52:40","modified_gmt":"2020-06-26T16:52:40","slug":"jamie-noble-confirma-tiene-el-coronavirus","status":"publish","type":"post","link":"https:\/\/www.prwrestling.com\/nw\/jamie-noble-confirma-tiene-el-coronavirus\/","title":{"rendered":"Jamie Noble confirma tiene el coronavirus"},"content":{"rendered":"<p>Otro productor de WWE se ha revelado ser positivo por coronavirus.<!--more--><div id=\"ad-slot\" style=\"min-width: 300px; min-height: 250px;\">\r\n<p style=\"text-align: center;\">\r\n<script async src=\"https:\/\/pagead2.googlesyndication.com\/pagead\/js\/adsbygoogle.js\"><\/script>\r\n<!-- 300x250 sc a -->\r\n<ins class=\"adsbygoogle\"\r\n     style=\"display:inline-block;width:300px;height:250px\"\r\n     data-ad-client=\"ca-pub-1244235910658811\"\r\n     data-ad-slot=\"8592682546\"><\/ins>\r\n<script>\r\n     (adsbygoogle = window.adsbygoogle || []).push({});\r\n<\/script><\/center>\r\n<\/p><\/div><br \/>\nJamie Noble ahora se une a una lista que seguramente crecer\u00e1 con el tiempo.<\/p>\n<p>Noble confirm\u00f3 en su cuenta privada de Instagram que dio positivo por el nuevo coronavirus.<\/p>\n<p>\u201c\u00a1No c\u00f3mo esperamos que este mes vaya! Covid-19 ha llegado a casa. \u00a1Las oraciones por m\u00ed y mi familia ser\u00e1n muy apreciadas!,&#8221; dijo el ex luchador.<\/p>\n<p><strong>Luchador en audiencia tambi\u00e9n contagiado<\/strong><\/p>\n<p>The Ultimate Pusher Tyreke revel\u00f3 que tambi\u00e9n dio positivo. Tyreke fue un extra para WWE y le informaron que es positivo al COVID-19.<br \/>\n<div id=\"ad-slot\" style=\"min-width: 300px; min-height: 250px;\"><p style=\"text-align: center;\">\r\n<script async src=\"https:\/\/pagead2.googlesyndication.com\/pagead\/js\/adsbygoogle.js\"><\/script>\r\n<!-- Responsive sc c -->\r\n<ins class=\"adsbygoogle\"\r\n     style=\"display:block\"\r\n     data-ad-client=\"ca-pub-1244235910658811\"\r\n     data-ad-slot=\"4234005358\"\r\n     data-ad-format=\"auto\"\r\n     data-full-width-responsive=\"true\"><\/ins>\r\n<script>\r\n     (adsbygoogle = window.adsbygoogle || []).push({});\r\n<\/script><\/p><\/div><br \/>\nTyreke tambi\u00e9n envi\u00f3 un mensaje pidiendo a Renee Young que le diera algunos consejos.<\/p>\n<p>&#8220;WWE me acaba de informar que he dado positivo por Covid-19<\/p>\n<p>Si alguien puede comunicarse con @ReneeYoungWWE por m\u00ed, necesito consejos sobre c\u00f3mo lidiar con esto, mi esposa tambi\u00e9n est\u00e1 embarazada, por favor, que alguien me ayude,&#8221; dijo.<\/p>\n","protected":false},"excerpt":{"rendered":"<p>Otro productor de WWE se ha revelado ser positivo por coronavirus.<\/p>\n","protected":false},"author":1,"featured_media":125577,"comment_status":"open","ping_status":"closed","sticky":false,"template":"","format":"standard","meta":{"footnotes":""},"categories":[5,38],"tags":[],"class_list":{"0":"post-125576","1":"post","2":"type-post","3":"status-publish","4":"format-standard","5":"has-post-thumbnail","7":"category-noticias","8":"category-noticias-y-rumores-de-la-wwe"},"_links":{"self":[{"href":"https:\/\/www.prwrestling.com\/nw\/wp-json\/wp\/v2\/posts\/125576","targetHints":{"allow":["GET"]}}],"collection":[{"href":"https:\/\/www.prwrestling.com\/nw\/wp-json\/wp\/v2\/posts"}],"about":[{"href":"https:\/\/www.prwrestling.com\/nw\/wp-json\/wp\/v2\/types\/post"}],"author":[{"embeddable":true,"href":"https:\/\/www.prwrestling.com\/nw\/wp-json\/wp\/v2\/users\/1"}],"replies":[{"embeddable":true,"href":"https:\/\/www.prwrestling.com\/nw\/wp-json\/wp\/v2\/comments?post=125576"}],"version-history":[{"count":3,"href":"https:\/\/www.prwrestling.com\/nw\/wp-json\/wp\/v2\/posts\/125576\/revisions"}],"predecessor-version":[{"id":125581,"href":"https:\/\/www.prwrestling.com\/nw\/wp-json\/wp\/v2\/posts\/125576\/revisions\/125581"}],"wp:featuredmedia":[{"embeddable":true,"href":"https:\/\/www.prwrestling.com\/nw\/wp-json\/wp\/v2\/media\/125577"}],"wp:attachment":[{"href":"https:\/\/www.prwrestling.com\/nw\/wp-json\/wp\/v2\/media?parent=125576"}],"wp:term":[{"taxonomy":"category","embeddable":true,"href":"https:\/\/www.prwrestling.com\/nw\/wp-json\/wp\/v2\/categories?post=125576"},{"taxonomy":"post_tag","embeddable":true,"href":"https:\/\/www.prwrestling.com\/nw\/wp-json\/wp\/v2\/tags?post=125576"}],"curies":[{"name":"wp","href":"https:\/\/api.w.org\/{rel}","templated":true}]}}