{"id":125586,"date":"2020-06-26T16:58:51","date_gmt":"2020-06-26T20:58:51","guid":{"rendered":"https:\/\/www.prwrestling.com\/nw\/?p=125586"},"modified":"2020-06-26T16:58:51","modified_gmt":"2020-06-26T20:58:51","slug":"wwe-no-usara-mas-a-flair-en-el-performance-center","status":"publish","type":"post","link":"https:\/\/www.prwrestling.com\/nw\/wwe-no-usara-mas-a-flair-en-el-performance-center\/","title":{"rendered":"WWE no usar\u00e1 m\u00e1s a Flair en el Performance Center"},"content":{"rendered":"<p>Seg\u00fan Wrestling News, el miembro del Sal\u00f3n de la Fama de la WWE, Ric Flair, ya no aparecer\u00e1 en las grabaciones de la WWE desde el Performance Center debido al reciente brote de COVID-19 dentro de la compa\u00f1\u00eda.<!--more--><div id=\"ad-slot\" style=\"min-width: 300px; min-height: 250px;\">\r\n<p style=\"text-align: center;\">\r\n<script async src=\"https:\/\/pagead2.googlesyndication.com\/pagead\/js\/adsbygoogle.js\"><\/script>\r\n<!-- 300x250 sc a -->\r\n<ins class=\"adsbygoogle\"\r\n     style=\"display:inline-block;width:300px;height:250px\"\r\n     data-ad-client=\"ca-pub-1244235910658811\"\r\n     data-ad-slot=\"8592682546\"><\/ins>\r\n<script>\r\n     (adsbygoogle = window.adsbygoogle || []).push({});\r\n<\/script><\/center>\r\n<\/p><\/div><br \/>\nLos informes indican que Flair no ha presentado ning\u00fan s\u00edntoma del virus, pero no se sabe cu\u00e1les son los resultados de sus pruebas m\u00e1s recientes.<\/p>\n<p>The Nature Boy ha estado en la esquina de Randy Orton durante las \u00faltimas semanas en la televisi\u00f3n de la WWE mientras The Viper reinventa su personaje del Legend Killer.<br \/>\n<div id=\"ad-slot\" style=\"min-width: 300px; min-height: 250px;\"><p style=\"text-align: center;\">\r\n<script async src=\"https:\/\/pagead2.googlesyndication.com\/pagead\/js\/adsbygoogle.js\"><\/script>\r\n<!-- Responsive sc c -->\r\n<ins class=\"adsbygoogle\"\r\n     style=\"display:block\"\r\n     data-ad-client=\"ca-pub-1244235910658811\"\r\n     data-ad-slot=\"4234005358\"\r\n     data-ad-format=\"auto\"\r\n     data-full-width-responsive=\"true\"><\/ins>\r\n<script>\r\n     (adsbygoogle = window.adsbygoogle || []).push({});\r\n<\/script><\/p><\/div><br \/>\nFlair aud\u00f3 a Orton en su combate r\u00e1pido contra Christian, y lo acompa\u00f1\u00f3 en el programa de la semana pasada mientras se enfrentaba cara a cara con The Big Show.<\/p>\n","protected":false},"excerpt":{"rendered":"<p>Seg\u00fan Wrestling News, el miembro del Sal\u00f3n de la Fama de la WWE, Ric Flair, ya no aparecer\u00e1 en las grabaciones de la WWE desde el Performance Center debido al reciente brote de COVID-19 dentro de la compa\u00f1\u00eda.<\/p>\n","protected":false},"author":1,"featured_media":122490,"comment_status":"open","ping_status":"closed","sticky":false,"template":"","format":"standard","meta":{"footnotes":""},"categories":[5,38],"tags":[],"class_list":{"0":"post-125586","1":"post","2":"type-post","3":"status-publish","4":"format-standard","5":"has-post-thumbnail","7":"category-noticias","8":"category-noticias-y-rumores-de-la-wwe"},"_links":{"self":[{"href":"https:\/\/www.prwrestling.com\/nw\/wp-json\/wp\/v2\/posts\/125586","targetHints":{"allow":["GET"]}}],"collection":[{"href":"https:\/\/www.prwrestling.com\/nw\/wp-json\/wp\/v2\/posts"}],"about":[{"href":"https:\/\/www.prwrestling.com\/nw\/wp-json\/wp\/v2\/types\/post"}],"author":[{"embeddable":true,"href":"https:\/\/www.prwrestling.com\/nw\/wp-json\/wp\/v2\/users\/1"}],"replies":[{"embeddable":true,"href":"https:\/\/www.prwrestling.com\/nw\/wp-json\/wp\/v2\/comments?post=125586"}],"version-history":[{"count":1,"href":"https:\/\/www.prwrestling.com\/nw\/wp-json\/wp\/v2\/posts\/125586\/revisions"}],"predecessor-version":[{"id":125587,"href":"https:\/\/www.prwrestling.com\/nw\/wp-json\/wp\/v2\/posts\/125586\/revisions\/125587"}],"wp:featuredmedia":[{"embeddable":true,"href":"https:\/\/www.prwrestling.com\/nw\/wp-json\/wp\/v2\/media\/122490"}],"wp:attachment":[{"href":"https:\/\/www.prwrestling.com\/nw\/wp-json\/wp\/v2\/media?parent=125586"}],"wp:term":[{"taxonomy":"category","embeddable":true,"href":"https:\/\/www.prwrestling.com\/nw\/wp-json\/wp\/v2\/categories?post=125586"},{"taxonomy":"post_tag","embeddable":true,"href":"https:\/\/www.prwrestling.com\/nw\/wp-json\/wp\/v2\/tags?post=125586"}],"curies":[{"name":"wp","href":"https:\/\/api.w.org\/{rel}","templated":true}]}}