{"id":125694,"date":"2020-06-30T20:42:16","date_gmt":"2020-07-01T00:42:16","guid":{"rendered":"https:\/\/www.prwrestling.com\/nw\/?p=125694"},"modified":"2020-06-30T20:50:52","modified_gmt":"2020-07-01T00:50:52","slug":"pr-wwc-en-planes-de-volver-a-celebrar-carteleras","status":"publish","type":"post","link":"https:\/\/www.prwrestling.com\/nw\/pr-wwc-en-planes-de-volver-a-celebrar-carteleras\/","title":{"rendered":"PR: WWC en planes de volver a celebrar carteleras"},"content":{"rendered":"<p>WWC anunci\u00f3 esta noche la intenci\u00f3n de regresar a celebrar carteleras pronto en Puerto Rico.<!--more--><div id=\"ad-slot\" style=\"min-width: 300px; min-height: 250px;\">\r\n<p style=\"text-align: center;\">\r\n<!-- Site name: prwrestling.com\r\nZone name: prwrestling.com_banner_300x250\r\nZone id: 2109741734\r\nType: banner\r\nFormat: 300x250\r\n --> \r\n\r\n<!-- Copy and paste this code on the page. -->\r\n<div id='zone_2109741734' ><\/div>\r\n<script>\r\n    (function(w,d,o,g,r,a,m){\r\n        var cid='zone_2109741734';\r\n        w[r]=w[r]||function(){(w[r+'l']=w[r+'l']||[]).push(arguments)};\r\n        function e(b,w,r){if((w[r+'h']=b.pop())&&!w.ABN){\r\n            var a=d.createElement(o),p=d.getElementsByTagName(o)[0];a.async=1;\r\n            a.src='https:\/\/cdn.'+w[r+'h']+'\/libs\/e.js';a.onerror=function(){e(g,w,r)};\r\n            p.parentNode.insertBefore(a,p)}}e(g,w,r);\r\n        w[r](cid,{id:2109741734,domain:w[r+'h']});\r\n    })(window,document,'script',['traffmovie.com'],'ABNS');\r\n<\/script>\r\n\r\n<!--\r\nWhen setting the zone code, make sure:\r\n  - you have provided all domains from which the area code will be called\r\n  - the site does not limit the loading in the Content Security Policy\r\n  - the area code is installed in the ad space inside the page\r\n  - site layout allows you to display the banner on mobile devices in full size\r\nUse data-cp1={customParam1} data-cp2={customParam2}... attributes for sending custom params\r\n-->\r\n<\/p><\/div><br \/>\nSe present\u00f3 un clip en las redes sociales de la empresa de un programa de 1240AM donde la Secretaria de Recreaci\u00f3n y Deportes anunci\u00f3 que los deportes de contacto y combate pueden coemnzar a celebrar eventos desde el 1 de agosto.<\/p>\n<p>Luego anunciaron que WWC ha estado trabajando con los protocolos que estar\u00e1n llevando en sus shows para proteger a los luchadores y la fanaticada. La empresa no anunci\u00f3 una fecha especifica, pero estar\u00e1n dando detalles pronto. Parte del avance en el regreso depende por supeusto de c\u00f3mo se desarrolle la situaci\u00f3n en el pa\u00eds.<\/p>\n<p>Puedes ver el video abajo:<br \/>\n<div id=\"ad-slot\" style=\"min-width: 300px; min-height: 250px;\"><p style=\"text-align: center;\">\r\n<script async src=\"https:\/\/pagead2.googlesyndication.com\/pagead\/js\/adsbygoogle.js\"><\/script>\r\n<!-- Responsive sc c -->\r\n<ins class=\"adsbygoogle\"\r\n     style=\"display:block\"\r\n     data-ad-client=\"ca-pub-1244235910658811\"\r\n     data-ad-slot=\"4234005358\"\r\n     data-ad-format=\"auto\"\r\n     data-full-width-responsive=\"true\"><\/ins>\r\n<script>\r\n     (adsbygoogle = window.adsbygoogle || []).push({});\r\n<\/script><\/p><\/div><br \/>\n<iframe loading=\"lazy\" style=\"border: none; overflow: hidden;\" src=\"https:\/\/www.facebook.com\/plugins\/video.php?href=https%3A%2F%2Fwww.facebook.com%2FWWCLuchaLibre%2Fvideos%2F285410742809758%2F&amp;show_text=0&amp;width=560\" width=\"560\" height=\"315\" frameborder=\"0\" scrolling=\"no\" allowfullscreen=\"allowfullscreen\"><\/iframe><\/p>\n<h2><strong>Liga Wrestling tambi\u00e9n cerca del regreso<\/strong><\/h2>\n<p>La empresa public\u00f3 lo siguiente en sus redes sociales:<br \/>\n<iframe loading=\"lazy\" style=\"border: none; overflow: hidden;\" src=\"https:\/\/www.facebook.com\/plugins\/post.php?href=https%3A%2F%2Fwww.facebook.com%2Flaligawrestling%2Fposts%2F4582563561757650&amp;width=500\" width=\"500\" height=\"617\" frameborder=\"0\" scrolling=\"no\"><\/iframe><\/p>\n","protected":false},"excerpt":{"rendered":"<p>WWC anunci\u00f3 esta noche la intenci\u00f3n de regresar a celebrar carteleras pronto en Puerto Rico.<\/p>\n","protected":false},"author":1,"featured_media":115263,"comment_status":"open","ping_status":"closed","sticky":false,"template":"","format":"standard","meta":{"footnotes":""},"categories":[5],"tags":[34],"class_list":["post-125694","post","type-post","status-publish","format-standard","has-post-thumbnail","category-noticias","tag-wwc"],"_links":{"self":[{"href":"https:\/\/www.prwrestling.com\/nw\/wp-json\/wp\/v2\/posts\/125694","targetHints":{"allow":["GET"]}}],"collection":[{"href":"https:\/\/www.prwrestling.com\/nw\/wp-json\/wp\/v2\/posts"}],"about":[{"href":"https:\/\/www.prwrestling.com\/nw\/wp-json\/wp\/v2\/types\/post"}],"author":[{"embeddable":true,"href":"https:\/\/www.prwrestling.com\/nw\/wp-json\/wp\/v2\/users\/1"}],"replies":[{"embeddable":true,"href":"https:\/\/www.prwrestling.com\/nw\/wp-json\/wp\/v2\/comments?post=125694"}],"version-history":[{"count":6,"href":"https:\/\/www.prwrestling.com\/nw\/wp-json\/wp\/v2\/posts\/125694\/revisions"}],"predecessor-version":[{"id":125701,"href":"https:\/\/www.prwrestling.com\/nw\/wp-json\/wp\/v2\/posts\/125694\/revisions\/125701"}],"wp:featuredmedia":[{"embeddable":true,"href":"https:\/\/www.prwrestling.com\/nw\/wp-json\/wp\/v2\/media\/115263"}],"wp:attachment":[{"href":"https:\/\/www.prwrestling.com\/nw\/wp-json\/wp\/v2\/media?parent=125694"}],"wp:term":[{"taxonomy":"category","embeddable":true,"href":"https:\/\/www.prwrestling.com\/nw\/wp-json\/wp\/v2\/categories?post=125694"},{"taxonomy":"post_tag","embeddable":true,"href":"https:\/\/www.prwrestling.com\/nw\/wp-json\/wp\/v2\/tags?post=125694"}],"curies":[{"name":"wp","href":"https:\/\/api.w.org\/{rel}","templated":true}]}}