{"id":125706,"date":"2020-07-01T11:59:11","date_gmt":"2020-07-01T15:59:11","guid":{"rendered":"https:\/\/www.prwrestling.com\/nw\/?p=125706"},"modified":"2020-07-01T11:59:11","modified_gmt":"2020-07-01T15:59:11","slug":"undertaker-aconsejo-a-cena-que-se-podia-quemar-trabajando","status":"publish","type":"post","link":"https:\/\/www.prwrestling.com\/nw\/undertaker-aconsejo-a-cena-que-se-podia-quemar-trabajando\/","title":{"rendered":"Undertaker aconsej\u00f3 a Cena que se pod\u00eda &#8220;quemar&#8221; trabajando"},"content":{"rendered":"<p>Mientras discut\u00eda su carrera con Corey Graves en After The Bell, The Undertaker revel\u00f3 sus pensamientos sobre John Cena.<!--more--><div id=\"ad-slot\" style=\"min-width: 300px; min-height: 250px;\">\r\n<p style=\"text-align: center;\">\r\n<script async src=\"https:\/\/pagead2.googlesyndication.com\/pagead\/js\/adsbygoogle.js\"><\/script>\r\n<!-- 300x250 sc a -->\r\n<ins class=\"adsbygoogle\"\r\n     style=\"display:inline-block;width:300px;height:250px\"\r\n     data-ad-client=\"ca-pub-1244235910658811\"\r\n     data-ad-slot=\"8592682546\"><\/ins>\r\n<script>\r\n     (adsbygoogle = window.adsbygoogle || []).push({});\r\n<\/script><\/center>\r\n<\/p><\/div><br \/>\nThe Undertaker\u00a0 revel\u00f3 que hubo un momento en que tuvo que detener a John Cena y darle algunos consejos. Le dijo a Cena que necesitaba aprender la palabra &#8220;no&#8221;, o podr\u00eda verse quemado de la industria.<\/p>\n<p>&#8220;Te digo qu\u00e9, cuando John sali\u00f3 al principio, nunca hubiera pensado en un mill\u00f3n de a\u00f1os que llegar\u00eda tan alto en la medida en que lo hizo, y gratamente, quiero decir, gratamente sorprendido de c\u00f3mo John se fue&#8221;, dijo Undertaker. . \u201cQuiero decir que era popular popular. Existe el siguiente nivel en el que si \u00e9l era bueno o malo. Eso fue otra cosa. Nunca he visto a nadie durar tanto como lo hizo con un amor de odio tan polarizador opuesto. Normalmente, es de una forma u otra. Nunca hab\u00eda visto a un chico salir una noche y ser expulsado del edificio. La noche siguiente recibe una ovaci\u00f3n de pie de 10 minutos. Era una locura &#8220;.<br \/>\n<div id=\"ad-slot\" style=\"min-width: 300px; min-height: 250px;\"><p style=\"text-align: center;\">\r\n<script async src=\"https:\/\/pagead2.googlesyndication.com\/pagead\/js\/adsbygoogle.js\"><\/script>\r\n<!-- Responsive sc c -->\r\n<ins class=\"adsbygoogle\"\r\n     style=\"display:block\"\r\n     data-ad-client=\"ca-pub-1244235910658811\"\r\n     data-ad-slot=\"4234005358\"\r\n     data-ad-format=\"auto\"\r\n     data-full-width-responsive=\"true\"><\/ins>\r\n<script>\r\n     (adsbygoogle = window.adsbygoogle || []).push({});\r\n<\/script><\/p><\/div><br \/>\n&#8220;Realmente no puedo nombrar a nadie m\u00e1s que haya tenido ese tipo de reacci\u00f3n polarizada de los fan\u00e1ticos. Por lo general, est\u00e1 bien, vamos a ir de esta manera con este personaje y lo haremos as\u00ed y lo haremos as\u00ed, y John hizo a John. Eso fue una gran cosa. John hizo a John, y sali\u00f3 muy bien. Dedic\u00f3 su tiempo. Hombre, s\u00e9 que John es un superproductor, solo su \u00e9tica de trabajo, insuperable. Me refiero a su horario con los medios adem\u00e1s de su horario de trabajo. Fue loco. De hecho, se lo dije una vez. Le dije: &#8216;John, por tu bien, debes aprender la palabra no&#8217; porque hac\u00eda todo. \u00c9l me demostr\u00f3 que estaba equivocado, pero yo solo dije: &#8216;hombre, te vas a quemar&#8217;. Es incre\u00edble &#8220;.<\/p>\n","protected":false},"excerpt":{"rendered":"<p>Mientras discut\u00eda su carrera con Corey Graves en After The Bell, The Undertaker revel\u00f3 sus pensamientos sobre John Cena.<\/p>\n","protected":false},"author":1,"featured_media":112090,"comment_status":"open","ping_status":"closed","sticky":false,"template":"","format":"standard","meta":{"footnotes":""},"categories":[5,38],"tags":[1499,9],"class_list":{"0":"post-125706","1":"post","2":"type-post","3":"status-publish","4":"format-standard","5":"has-post-thumbnail","7":"category-noticias","8":"category-noticias-y-rumores-de-la-wwe","9":"tag-undertaker","10":"tag-wwe"},"_links":{"self":[{"href":"https:\/\/www.prwrestling.com\/nw\/wp-json\/wp\/v2\/posts\/125706","targetHints":{"allow":["GET"]}}],"collection":[{"href":"https:\/\/www.prwrestling.com\/nw\/wp-json\/wp\/v2\/posts"}],"about":[{"href":"https:\/\/www.prwrestling.com\/nw\/wp-json\/wp\/v2\/types\/post"}],"author":[{"embeddable":true,"href":"https:\/\/www.prwrestling.com\/nw\/wp-json\/wp\/v2\/users\/1"}],"replies":[{"embeddable":true,"href":"https:\/\/www.prwrestling.com\/nw\/wp-json\/wp\/v2\/comments?post=125706"}],"version-history":[{"count":1,"href":"https:\/\/www.prwrestling.com\/nw\/wp-json\/wp\/v2\/posts\/125706\/revisions"}],"predecessor-version":[{"id":125707,"href":"https:\/\/www.prwrestling.com\/nw\/wp-json\/wp\/v2\/posts\/125706\/revisions\/125707"}],"wp:featuredmedia":[{"embeddable":true,"href":"https:\/\/www.prwrestling.com\/nw\/wp-json\/wp\/v2\/media\/112090"}],"wp:attachment":[{"href":"https:\/\/www.prwrestling.com\/nw\/wp-json\/wp\/v2\/media?parent=125706"}],"wp:term":[{"taxonomy":"category","embeddable":true,"href":"https:\/\/www.prwrestling.com\/nw\/wp-json\/wp\/v2\/categories?post=125706"},{"taxonomy":"post_tag","embeddable":true,"href":"https:\/\/www.prwrestling.com\/nw\/wp-json\/wp\/v2\/tags?post=125706"}],"curies":[{"name":"wp","href":"https:\/\/api.w.org\/{rel}","templated":true}]}}