{"id":125750,"date":"2020-07-03T10:01:36","date_gmt":"2020-07-03T14:01:36","guid":{"rendered":"https:\/\/www.prwrestling.com\/nw\/?p=125750"},"modified":"2020-10-09T13:41:54","modified_gmt":"2020-10-09T17:41:54","slug":"sane-en-proceso-de-retirarse-de-la-wwe","status":"publish","type":"post","link":"https:\/\/www.prwrestling.com\/nw\/sane-en-proceso-de-retirarse-de-la-wwe\/","title":{"rendered":"Sane en proceso de retirarse de la WWE"},"content":{"rendered":"<p>Kairi Sane no ha estado en la televisi\u00f3n de la WWE desde que Nia Jax lanz\u00f3 su cabeza contra los escalones del ring de acero, y parece que no la veremos m\u00e1s en la WWE.<!--more--><div id=\"ad-slot\" style=\"min-width: 300px; min-height: 250px;\">\r\n<p style=\"text-align: center;\">\r\n<script async src=\"https:\/\/pagead2.googlesyndication.com\/pagead\/js\/adsbygoogle.js\"><\/script>\r\n<!-- 300x250 sc a -->\r\n<ins class=\"adsbygoogle\"\r\n     style=\"display:inline-block;width:300px;height:250px\"\r\n     data-ad-client=\"ca-pub-1244235910658811\"\r\n     data-ad-slot=\"8592682546\"><\/ins>\r\n<script>\r\n     (adsbygoogle = window.adsbygoogle || []).push({});\r\n<\/script><\/center>\r\n<\/p><\/div><br \/>\nEl Wrestling Observer Newsletter informa que Kairi Sane regresar\u00e1 a Jap\u00f3n con su nuevo esposo. Se casaron recientemente y, seg\u00fan los informes, este movimiento de la WWE estaba en proceso &#8220;por un tiempo&#8221;.<\/p>\n<p>Tambi\u00e9n se dijo que Nia Jax arrojando a Kairi Sane a los escalones del ring no era el plan original para remover a\u00a0 Sane fuera de la televisi\u00f3n. De hecho, se supon\u00eda que la salida de Sane crear\u00eda otra ri\u00f1a para Asuka en SummerSlam.<\/p>\n<p>Luego de ser lastimada, la decisi\u00f3n en la WWE fue no hablar sobre la lesi\u00f3n en la televisi\u00f3n ni hablar p\u00fablicamente de eso, por lo que no se ha vuelto a mencionar ni siquera su nombre.<br \/>\n<div id=\"ad-slot\" style=\"min-width: 300px; min-height: 250px;\"><p style=\"text-align: center;\">\r\n<script async src=\"https:\/\/pagead2.googlesyndication.com\/pagead\/js\/adsbygoogle.js\"><\/script>\r\n<!-- Responsive sc c -->\r\n<ins class=\"adsbygoogle\"\r\n     style=\"display:block\"\r\n     data-ad-client=\"ca-pub-1244235910658811\"\r\n     data-ad-slot=\"4234005358\"\r\n     data-ad-format=\"auto\"\r\n     data-full-width-responsive=\"true\"><\/ins>\r\n<script>\r\n     (adsbygoogle = window.adsbygoogle || []).push({});\r\n<\/script><\/p><\/div><br \/>\nSe informa que la idea era organizar inicialmente un &#8220;\u00e1ngulo de lesi\u00f3n que terminara la carrera&#8221; con otra luchadora. Esto habr\u00eda configurado a Asuka contra la persona que \u201chiri\u00f3\u201d a Sane, quien no iba a ser Jax.<\/p>\n","protected":false},"excerpt":{"rendered":"<p>Kairi Sane no ha estado en la televisi\u00f3n de la WWE desde que Nia Jax lanz\u00f3 su cabeza contra los escalones del ring de acero, y parece que no la veremos m\u00e1s en la WWE.<\/p>\n","protected":false},"author":1,"featured_media":125751,"comment_status":"open","ping_status":"closed","sticky":false,"template":"","format":"standard","meta":{"footnotes":""},"categories":[5,38],"tags":[5133],"class_list":{"0":"post-125750","1":"post","2":"type-post","3":"status-publish","4":"format-standard","5":"has-post-thumbnail","7":"category-noticias","8":"category-noticias-y-rumores-de-la-wwe","9":"tag-kairi-sane"},"_links":{"self":[{"href":"https:\/\/www.prwrestling.com\/nw\/wp-json\/wp\/v2\/posts\/125750","targetHints":{"allow":["GET"]}}],"collection":[{"href":"https:\/\/www.prwrestling.com\/nw\/wp-json\/wp\/v2\/posts"}],"about":[{"href":"https:\/\/www.prwrestling.com\/nw\/wp-json\/wp\/v2\/types\/post"}],"author":[{"embeddable":true,"href":"https:\/\/www.prwrestling.com\/nw\/wp-json\/wp\/v2\/users\/1"}],"replies":[{"embeddable":true,"href":"https:\/\/www.prwrestling.com\/nw\/wp-json\/wp\/v2\/comments?post=125750"}],"version-history":[{"count":1,"href":"https:\/\/www.prwrestling.com\/nw\/wp-json\/wp\/v2\/posts\/125750\/revisions"}],"predecessor-version":[{"id":125752,"href":"https:\/\/www.prwrestling.com\/nw\/wp-json\/wp\/v2\/posts\/125750\/revisions\/125752"}],"wp:featuredmedia":[{"embeddable":true,"href":"https:\/\/www.prwrestling.com\/nw\/wp-json\/wp\/v2\/media\/125751"}],"wp:attachment":[{"href":"https:\/\/www.prwrestling.com\/nw\/wp-json\/wp\/v2\/media?parent=125750"}],"wp:term":[{"taxonomy":"category","embeddable":true,"href":"https:\/\/www.prwrestling.com\/nw\/wp-json\/wp\/v2\/categories?post=125750"},{"taxonomy":"post_tag","embeddable":true,"href":"https:\/\/www.prwrestling.com\/nw\/wp-json\/wp\/v2\/tags?post=125750"}],"curies":[{"name":"wp","href":"https:\/\/api.w.org\/{rel}","templated":true}]}}