{"id":125782,"date":"2020-07-04T10:12:41","date_gmt":"2020-07-04T14:12:41","guid":{"rendered":"https:\/\/www.prwrestling.com\/nw\/?p=125782"},"modified":"2020-07-04T10:12:41","modified_gmt":"2020-07-04T14:12:41","slug":"lawler-aun-piensa-que-fue-un-error-romper-la-racha-de-undertaker","status":"publish","type":"post","link":"https:\/\/www.prwrestling.com\/nw\/lawler-aun-piensa-que-fue-un-error-romper-la-racha-de-undertaker\/","title":{"rendered":"Lawler a\u00fan piensa que fue un error romper la racha de Undertaker"},"content":{"rendered":"<p>En <a href=\"https:\/\/www.podcastone.com\/The-Jerry-Lawler-Show\" target=\"_blank\" rel=\"noopener\">su podcast<\/a>, Jerry Lawler habl\u00f3 sobre el final de la racha de Undertaker, expresando que no le gust\u00f3 la idea, y todav\u00eda piensa lo mismo.<!--more--><div id=\"ad-slot\" style=\"min-width: 300px; min-height: 250px;\"><p style=\"text-align: center;\">\r\n<script async src=\"https:\/\/pagead2.googlesyndication.com\/pagead\/js\/adsbygoogle.js\"><\/script>\r\n<!-- Responsive sc c -->\r\n<ins class=\"adsbygoogle\"\r\n     style=\"display:block\"\r\n     data-ad-client=\"ca-pub-1244235910658811\"\r\n     data-ad-slot=\"4234005358\"\r\n     data-ad-format=\"auto\"\r\n     data-full-width-responsive=\"true\"><\/ins>\r\n<script>\r\n     (adsbygoogle = window.adsbygoogle || []).push({});\r\n<\/script><\/p><\/div><br \/>\n\u201cTodos tienen su opini\u00f3n sobre la racha. Mi propia opini\u00f3n personal, y se lo dije a mucha gente, nada en contra de Brock de ninguna manera, pero nunca he estado de acuerdo con eso. Nunca pens\u00e9 que la racha deber\u00eda haberse roto. Comentando esa lucha, sal\u00ed y nunca, nunca esper\u00e9 que eso sucediera. Solo pens\u00e9 que la racha iba a seguir hasta que Undertaker se retirara, cuando quisiera. \u00bfSabes, el tipo que le mostraron su foto cien veces con sus ojos tan grandes como platillos?<\/p>\n<p>&#8220;Esa es la misma mirada que yo ten\u00eda en mi cara cuando ese conteo de 3 sucedi\u00f3. Estaba totalmente conmocionado. No lo vi venir. No pens\u00e9 que fuera bueno. Pero, quiero decir, qui\u00e9n puede decirlo.&#8221;<br \/>\n<div id=\"ad-slot\" style=\"min-width: 300px; min-height: 250px;\">\r\n<p style=\"text-align: center;\">\r\n<script async src=\"https:\/\/pagead2.googlesyndication.com\/pagead\/js\/adsbygoogle.js\"><\/script>\r\n<!-- 300x250 sc a -->\r\n<ins class=\"adsbygoogle\"\r\n     style=\"display:inline-block;width:300px;height:250px\"\r\n     data-ad-client=\"ca-pub-1244235910658811\"\r\n     data-ad-slot=\"8592682546\"><\/ins>\r\n<script>\r\n     (adsbygoogle = window.adsbygoogle || []).push({});\r\n<\/script><\/center>\r\n<\/p><\/div><br \/>\n\u201cSi iba a perder, no podr\u00eda haber perdido ante una Superestrella mejor que Brock. Eso ten\u00eda m\u00e1s sentido que cualquier otro. La parte divertida de esa pregunta es si iba a perder. Me encantar\u00eda haber estado sentado y ser parte de c\u00f3mo surgi\u00f3 esa conversaci\u00f3n y de qui\u00e9n fue la idea,&#8221; expres\u00f3.<\/p>\n","protected":false},"excerpt":{"rendered":"<p>En su podcast, Jerry Lawler habl\u00f3 sobre el final de la racha de Undertaker, expresando que no le gust\u00f3 la idea, y todav\u00eda piensa lo mismo.<\/p>\n","protected":false},"author":1,"featured_media":262,"comment_status":"open","ping_status":"closed","sticky":false,"template":"","format":"standard","meta":{"footnotes":""},"categories":[5,38],"tags":[1499],"class_list":{"0":"post-125782","1":"post","2":"type-post","3":"status-publish","4":"format-standard","5":"has-post-thumbnail","7":"category-noticias","8":"category-noticias-y-rumores-de-la-wwe","9":"tag-undertaker"},"_links":{"self":[{"href":"https:\/\/www.prwrestling.com\/nw\/wp-json\/wp\/v2\/posts\/125782","targetHints":{"allow":["GET"]}}],"collection":[{"href":"https:\/\/www.prwrestling.com\/nw\/wp-json\/wp\/v2\/posts"}],"about":[{"href":"https:\/\/www.prwrestling.com\/nw\/wp-json\/wp\/v2\/types\/post"}],"author":[{"embeddable":true,"href":"https:\/\/www.prwrestling.com\/nw\/wp-json\/wp\/v2\/users\/1"}],"replies":[{"embeddable":true,"href":"https:\/\/www.prwrestling.com\/nw\/wp-json\/wp\/v2\/comments?post=125782"}],"version-history":[{"count":1,"href":"https:\/\/www.prwrestling.com\/nw\/wp-json\/wp\/v2\/posts\/125782\/revisions"}],"predecessor-version":[{"id":125783,"href":"https:\/\/www.prwrestling.com\/nw\/wp-json\/wp\/v2\/posts\/125782\/revisions\/125783"}],"wp:featuredmedia":[{"embeddable":true,"href":"https:\/\/www.prwrestling.com\/nw\/wp-json\/wp\/v2\/media\/262"}],"wp:attachment":[{"href":"https:\/\/www.prwrestling.com\/nw\/wp-json\/wp\/v2\/media?parent=125782"}],"wp:term":[{"taxonomy":"category","embeddable":true,"href":"https:\/\/www.prwrestling.com\/nw\/wp-json\/wp\/v2\/categories?post=125782"},{"taxonomy":"post_tag","embeddable":true,"href":"https:\/\/www.prwrestling.com\/nw\/wp-json\/wp\/v2\/tags?post=125782"}],"curies":[{"name":"wp","href":"https:\/\/api.w.org\/{rel}","templated":true}]}}