{"id":125808,"date":"2020-07-05T15:16:30","date_gmt":"2020-07-05T19:16:30","guid":{"rendered":"https:\/\/www.prwrestling.com\/nw\/?p=125808"},"modified":"2020-07-05T15:16:30","modified_gmt":"2020-07-05T19:16:30","slug":"sonya-deville-tuvo-que-manejar-negatividad-de-fans-tras-proclamarse-lesbiana","status":"publish","type":"post","link":"https:\/\/www.prwrestling.com\/nw\/sonya-deville-tuvo-que-manejar-negatividad-de-fans-tras-proclamarse-lesbiana\/","title":{"rendered":"Sonya Deville tuvo que manejar negatividad de fans tras proclamarse lesbiana"},"content":{"rendered":"<p>Mientras hablaba con Better Together, Sonya Deville habl\u00f3 sobre la experiencia &#8220;s\u00faper desalentadora&#8221; de enfrentar a los fan\u00e1ticos despu\u00e9s de salir como lesbiana.<!--more--><div id=\"ad-slot\" style=\"min-width: 300px; min-height: 250px;\">\r\n<p style=\"text-align: center;\">\r\n<script async src=\"https:\/\/pagead2.googlesyndication.com\/pagead\/js\/adsbygoogle.js\"><\/script>\r\n<!-- 300x250 sc a -->\r\n<ins class=\"adsbygoogle\"\r\n     style=\"display:inline-block;width:300px;height:250px\"\r\n     data-ad-client=\"ca-pub-1244235910658811\"\r\n     data-ad-slot=\"8592682546\"><\/ins>\r\n<script>\r\n     (adsbygoogle = window.adsbygoogle || []).push({});\r\n<\/script><\/center>\r\n<\/p><\/div><br \/>\nAl principio no pod\u00eda &#8220;acceder&#8221; a sus emociones, y mucha gente estaba sacando conclusiones sobre ella. No fue una experiencia f\u00e1cil, pero Deville lo logr\u00f3.<\/p>\n<p>&#8220;Al principio fue s\u00faper desalentador. Recuerdo haber salido y decir, OK, \u00bfqu\u00e9 significa esto? \u00bfC\u00f3mo me siento? Y recuerdo que no pude evaluar mis emociones al principio. Estoy feliz porque me siento libre. Se me quit\u00f3 un peso del hombro, pero recuerdo que las redes sociales en ese entonces las personas eran un poco rudas. Mucha gente saltaba a juicios y conclusiones, y yo era muy joven y f\u00e1cilmente influenciable en ese momento &#8220;.<br \/>\n<div id=\"ad-slot\" style=\"min-width: 300px; min-height: 250px;\"><p style=\"text-align: center;\">\r\n<script async src=\"https:\/\/pagead2.googlesyndication.com\/pagead\/js\/adsbygoogle.js\"><\/script>\r\n<!-- Responsive sc c -->\r\n<ins class=\"adsbygoogle\"\r\n     style=\"display:block\"\r\n     data-ad-client=\"ca-pub-1244235910658811\"\r\n     data-ad-slot=\"4234005358\"\r\n     data-ad-format=\"auto\"\r\n     data-full-width-responsive=\"true\"><\/ins>\r\n<script>\r\n     (adsbygoogle = window.adsbygoogle || []).push({});\r\n<\/script><\/p><\/div><br \/>\n&#8220;Definitivamente fue dif\u00edcil al principio, pero mirando hacia atr\u00e1s en los \u00faltimos cinco a\u00f1os de mi vida y d\u00e1ndome cuenta de que no solo estoy m\u00e1s c\u00f3moda conmigo mismo\u00a0 que antes, casi me veo obligado a vivir mi verdad y estoy viendo a los fan\u00e1ticos m\u00e1s j\u00f3venes inspirandose en eso, significa el mundo para m\u00ed. Ahora, obviamente, estoy en un lugar donde estoy orgullosa de mi sexualidad. Quiero ser la voz de las personas que no tienen voz,&#8221; dijo.<\/p>\n","protected":false},"excerpt":{"rendered":"<p>Mientras hablaba con Better Together, Sonya Deville habl\u00f3 sobre la experiencia &#8220;s\u00faper desalentadora&#8221; de enfrentar a los fan\u00e1ticos despu\u00e9s de salir como lesbiana.<\/p>\n","protected":false},"author":1,"featured_media":125809,"comment_status":"open","ping_status":"closed","sticky":false,"template":"","format":"standard","meta":{"footnotes":""},"categories":[5,38],"tags":[5070],"class_list":{"0":"post-125808","1":"post","2":"type-post","3":"status-publish","4":"format-standard","5":"has-post-thumbnail","7":"category-noticias","8":"category-noticias-y-rumores-de-la-wwe","9":"tag-wwe-sonya-deville"},"_links":{"self":[{"href":"https:\/\/www.prwrestling.com\/nw\/wp-json\/wp\/v2\/posts\/125808","targetHints":{"allow":["GET"]}}],"collection":[{"href":"https:\/\/www.prwrestling.com\/nw\/wp-json\/wp\/v2\/posts"}],"about":[{"href":"https:\/\/www.prwrestling.com\/nw\/wp-json\/wp\/v2\/types\/post"}],"author":[{"embeddable":true,"href":"https:\/\/www.prwrestling.com\/nw\/wp-json\/wp\/v2\/users\/1"}],"replies":[{"embeddable":true,"href":"https:\/\/www.prwrestling.com\/nw\/wp-json\/wp\/v2\/comments?post=125808"}],"version-history":[{"count":1,"href":"https:\/\/www.prwrestling.com\/nw\/wp-json\/wp\/v2\/posts\/125808\/revisions"}],"predecessor-version":[{"id":125810,"href":"https:\/\/www.prwrestling.com\/nw\/wp-json\/wp\/v2\/posts\/125808\/revisions\/125810"}],"wp:featuredmedia":[{"embeddable":true,"href":"https:\/\/www.prwrestling.com\/nw\/wp-json\/wp\/v2\/media\/125809"}],"wp:attachment":[{"href":"https:\/\/www.prwrestling.com\/nw\/wp-json\/wp\/v2\/media?parent=125808"}],"wp:term":[{"taxonomy":"category","embeddable":true,"href":"https:\/\/www.prwrestling.com\/nw\/wp-json\/wp\/v2\/categories?post=125808"},{"taxonomy":"post_tag","embeddable":true,"href":"https:\/\/www.prwrestling.com\/nw\/wp-json\/wp\/v2\/tags?post=125808"}],"curies":[{"name":"wp","href":"https:\/\/api.w.org\/{rel}","templated":true}]}}