{"id":125824,"date":"2020-07-06T09:09:40","date_gmt":"2020-07-06T13:09:40","guid":{"rendered":"https:\/\/www.prwrestling.com\/nw\/?p=125824"},"modified":"2020-07-06T09:20:44","modified_gmt":"2020-07-06T13:20:44","slug":"mas-sobre-el-estado-contractual-de-mysterio-en-la-wwe","status":"publish","type":"post","link":"https:\/\/www.prwrestling.com\/nw\/mas-sobre-el-estado-contractual-de-mysterio-en-la-wwe\/","title":{"rendered":"M\u00e1s sobre el estado contractual de Mysterio en la WWE"},"content":{"rendered":"<p>Rey Mysterio est\u00e1 trabajando sin un contrato con la WWE a pesar de que todav\u00eda est\u00e1 en una ri\u00f1a en RAW con Seth Rollins.<!--more--><div id=\"ad-slot\" style=\"min-width: 300px; min-height: 250px;\">\r\n<p style=\"text-align: center;\">\r\n<script async src=\"https:\/\/pagead2.googlesyndication.com\/pagead\/js\/adsbygoogle.js\"><\/script>\r\n<!-- 300x250 sc a -->\r\n<ins class=\"adsbygoogle\"\r\n     style=\"display:inline-block;width:300px;height:250px\"\r\n     data-ad-client=\"ca-pub-1244235910658811\"\r\n     data-ad-slot=\"8592682546\"><\/ins>\r\n<script>\r\n     (adsbygoogle = window.adsbygoogle || []).push({});\r\n<\/script><\/center>\r\n<\/p><\/div><br \/>\nDurante Wrestling Observer Radio, Dave Meltzer explic\u00f3 que esta situaci\u00f3n contractual con Mysterio no es un problema nuevo y Mysterio aparentemente ha estado trabajando sin contrato durante meses.<\/p>\n<p>&#8220;Lo han estado usando en televisi\u00f3n durante meses, esto no sucedi\u00f3 esta semana. Ahora est\u00e1 fuera, s\u00ed, pero creo que su contrato expir\u00f3 hace meses. Trabajaron b\u00e1sicamente bajo el &#8216;bien, voy a resolver esta ri\u00f1a del ojo&#8217;, ya sabes, cuando lo sacaron originalmente (de la TV), recuerdo haber dicho que si no tienen un acuerdo, el \u00e1ngulo ser\u00e1 cancelado, pero desde que lo trajeron de vuelta supongo que fue completamente olvidado y creo que pensaron que firmar\u00eda, y luego no firm\u00f3,&#8221; dijo.<br \/>\n<div id=\"ad-slot\" style=\"min-width: 300px; min-height: 250px;\"><p style=\"text-align: center;\">\r\n<script async src=\"https:\/\/pagead2.googlesyndication.com\/pagead\/js\/adsbygoogle.js\"><\/script>\r\n<!-- Responsive sc c -->\r\n<ins class=\"adsbygoogle\"\r\n     style=\"display:block\"\r\n     data-ad-client=\"ca-pub-1244235910658811\"\r\n     data-ad-slot=\"4234005358\"\r\n     data-ad-format=\"auto\"\r\n     data-full-width-responsive=\"true\"><\/ins>\r\n<script>\r\n     (adsbygoogle = window.adsbygoogle || []).push({});\r\n<\/script><\/p><\/div><br \/>\nMeltzer a\u00f1adi\u00f3 que WWE esencialmente est\u00e1 usando Dominik como &#8220;carnada&#8221; para evitar que Mysterio se vaya porque le est\u00e1n dando una oportunidad que otra empresa no necesariamente le ofrecer\u00eda en su actual nivel de entrenamiento.<\/p>\n<p>&#8220;Hay un problema con Dominik, ya que no hay garant\u00edas en una persona que nunca ha trabajado en ning\u00fan lado. S\u00e9 que ha estado entrenando por un tiempo, pero [Dominik] no ha luchado en ning\u00fan lado y \u00e9l ha lucido bien en todos los \u00e1ngulos f\u00edsicos que ha hecho. Todav\u00eda no ha habido un problema t\u00e9cnico, as\u00ed que es una buena se\u00f1al, pero un tipo que nunca ha trabajado realmente una lucha y luego va a la televisi\u00f3n nacional y no importa de qu\u00e9 compa\u00f1\u00eda est\u00e1s hablando, ya sea New Japan o donde sea, ese es un paso grande,&#8221; dijo.<\/p>\n","protected":false},"excerpt":{"rendered":"<p>Rey Mysterio est\u00e1 trabajando sin un contrato con la WWE a pesar de que todav\u00eda est\u00e1 en una ri\u00f1a en RAW con Seth Rollins.<\/p>\n","protected":false},"author":1,"featured_media":122358,"comment_status":"open","ping_status":"closed","sticky":false,"template":"","format":"standard","meta":{"footnotes":""},"categories":[5,38],"tags":[1581],"class_list":{"0":"post-125824","1":"post","2":"type-post","3":"status-publish","4":"format-standard","5":"has-post-thumbnail","7":"category-noticias","8":"category-noticias-y-rumores-de-la-wwe","9":"tag-rey-mysterio"},"_links":{"self":[{"href":"https:\/\/www.prwrestling.com\/nw\/wp-json\/wp\/v2\/posts\/125824","targetHints":{"allow":["GET"]}}],"collection":[{"href":"https:\/\/www.prwrestling.com\/nw\/wp-json\/wp\/v2\/posts"}],"about":[{"href":"https:\/\/www.prwrestling.com\/nw\/wp-json\/wp\/v2\/types\/post"}],"author":[{"embeddable":true,"href":"https:\/\/www.prwrestling.com\/nw\/wp-json\/wp\/v2\/users\/1"}],"replies":[{"embeddable":true,"href":"https:\/\/www.prwrestling.com\/nw\/wp-json\/wp\/v2\/comments?post=125824"}],"version-history":[{"count":3,"href":"https:\/\/www.prwrestling.com\/nw\/wp-json\/wp\/v2\/posts\/125824\/revisions"}],"predecessor-version":[{"id":125828,"href":"https:\/\/www.prwrestling.com\/nw\/wp-json\/wp\/v2\/posts\/125824\/revisions\/125828"}],"wp:featuredmedia":[{"embeddable":true,"href":"https:\/\/www.prwrestling.com\/nw\/wp-json\/wp\/v2\/media\/122358"}],"wp:attachment":[{"href":"https:\/\/www.prwrestling.com\/nw\/wp-json\/wp\/v2\/media?parent=125824"}],"wp:term":[{"taxonomy":"category","embeddable":true,"href":"https:\/\/www.prwrestling.com\/nw\/wp-json\/wp\/v2\/categories?post=125824"},{"taxonomy":"post_tag","embeddable":true,"href":"https:\/\/www.prwrestling.com\/nw\/wp-json\/wp\/v2\/tags?post=125824"}],"curies":[{"name":"wp","href":"https:\/\/api.w.org\/{rel}","templated":true}]}}