{"id":125834,"date":"2020-07-06T13:22:40","date_gmt":"2020-07-06T17:22:40","guid":{"rendered":"https:\/\/www.prwrestling.com\/nw\/?p=125834"},"modified":"2020-07-06T13:25:04","modified_gmt":"2020-07-06T17:25:04","slug":"reporte-talento-hara-su-regreso-hoy-en-raw","status":"publish","type":"post","link":"https:\/\/www.prwrestling.com\/nw\/reporte-talento-hara-su-regreso-hoy-en-raw\/","title":{"rendered":"Reporte: Talento har\u00e1 su regreso hoy en Raw"},"content":{"rendered":"<p>POSIBLE SPOILER DE RAW: Un luchador liberado podr\u00eda regresar hoy.<!--more--><div id=\"ad-slot\" style=\"min-width: 300px; min-height: 250px;\">\r\n<p style=\"text-align: center;\">\r\n<script async src=\"https:\/\/pagead2.googlesyndication.com\/pagead\/js\/adsbygoogle.js\"><\/script>\r\n<!-- 300x250 sc a -->\r\n<ins class=\"adsbygoogle\"\r\n     style=\"display:inline-block;width:300px;height:250px\"\r\n     data-ad-client=\"ca-pub-1244235910658811\"\r\n     data-ad-slot=\"8592682546\"><\/ins>\r\n<script>\r\n     (adsbygoogle = window.adsbygoogle || []).push({});\r\n<\/script><\/center>\r\n<\/p><\/div><br \/>\nHeath Slater est\u00e1 programado para aparecer en\u00a0 RAW esta noche, seg\u00fan <a href=\"http:\/\/pwinsider.com\" target=\"_blank\" rel=\"noopener\">PWInsider<\/a>.<\/p>\n<p>Slater fue liberado de su contrato con la WWE el 15 de abril como parte de los recortes de toda la compa\u00f1\u00eda provocados por COVID-19.<\/p>\n<p>Slater fue mencionado en indirectas para un pr\u00f3ximo debut de Impact Wrestling y una posible reuni\u00f3n con el ex socio de WWE Rhyno, pero eso no ha sido confirmado.<br \/>\n<div id=\"ad-slot\" style=\"min-width: 300px; min-height: 250px;\"><p style=\"text-align: center;\">\r\n<script async src=\"https:\/\/pagead2.googlesyndication.com\/pagead\/js\/adsbygoogle.js\"><\/script>\r\n<!-- Responsive sc c -->\r\n<ins class=\"adsbygoogle\"\r\n     style=\"display:block\"\r\n     data-ad-client=\"ca-pub-1244235910658811\"\r\n     data-ad-slot=\"4234005358\"\r\n     data-ad-format=\"auto\"\r\n     data-full-width-responsive=\"true\"><\/ins>\r\n<script>\r\n     (adsbygoogle = window.adsbygoogle || []).push({});\r\n<\/script><\/p><\/div><br \/>\nSlater public\u00f3 en Twitter esta ma\u00f1ana un video con otro teaser para el 18 de julio, que es la fecha de Slammiversary. Slater t\u00e9cnicamente todav\u00eda est\u00e1 bajo contrato con WWE hasta que su cl\u00e1usula de no competencia de 90 d\u00edas expire el 15 de julio.<\/p>\n<p>Todav\u00eda no se sabe qu\u00e9 har\u00e1 Slater en el RAW de esta noche, y si se trata de una aparici\u00f3n de una ocasi\u00f3n o un regreso a permanente.<\/p>\n","protected":false},"excerpt":{"rendered":"<p>POSIBLE SPOILER DE RAW: Un luchador liberado podr\u00eda regresar hoy.<\/p>\n","protected":false},"author":1,"featured_media":111276,"comment_status":"open","ping_status":"closed","sticky":false,"template":"","format":"standard","meta":{"footnotes":""},"categories":[5,38],"tags":[9],"class_list":{"0":"post-125834","1":"post","2":"type-post","3":"status-publish","4":"format-standard","5":"has-post-thumbnail","7":"category-noticias","8":"category-noticias-y-rumores-de-la-wwe","9":"tag-wwe"},"_links":{"self":[{"href":"https:\/\/www.prwrestling.com\/nw\/wp-json\/wp\/v2\/posts\/125834","targetHints":{"allow":["GET"]}}],"collection":[{"href":"https:\/\/www.prwrestling.com\/nw\/wp-json\/wp\/v2\/posts"}],"about":[{"href":"https:\/\/www.prwrestling.com\/nw\/wp-json\/wp\/v2\/types\/post"}],"author":[{"embeddable":true,"href":"https:\/\/www.prwrestling.com\/nw\/wp-json\/wp\/v2\/users\/1"}],"replies":[{"embeddable":true,"href":"https:\/\/www.prwrestling.com\/nw\/wp-json\/wp\/v2\/comments?post=125834"}],"version-history":[{"count":3,"href":"https:\/\/www.prwrestling.com\/nw\/wp-json\/wp\/v2\/posts\/125834\/revisions"}],"predecessor-version":[{"id":125838,"href":"https:\/\/www.prwrestling.com\/nw\/wp-json\/wp\/v2\/posts\/125834\/revisions\/125838"}],"wp:featuredmedia":[{"embeddable":true,"href":"https:\/\/www.prwrestling.com\/nw\/wp-json\/wp\/v2\/media\/111276"}],"wp:attachment":[{"href":"https:\/\/www.prwrestling.com\/nw\/wp-json\/wp\/v2\/media?parent=125834"}],"wp:term":[{"taxonomy":"category","embeddable":true,"href":"https:\/\/www.prwrestling.com\/nw\/wp-json\/wp\/v2\/categories?post=125834"},{"taxonomy":"post_tag","embeddable":true,"href":"https:\/\/www.prwrestling.com\/nw\/wp-json\/wp\/v2\/tags?post=125834"}],"curies":[{"name":"wp","href":"https:\/\/api.w.org\/{rel}","templated":true}]}}