{"id":125935,"date":"2020-07-12T09:59:07","date_gmt":"2020-07-12T13:59:07","guid":{"rendered":"https:\/\/www.prwrestling.com\/nw\/?p=125935"},"modified":"2020-07-12T09:59:07","modified_gmt":"2020-07-12T13:59:07","slug":"wwe-lanzara-episodio-extra-de-last-ride","status":"publish","type":"post","link":"https:\/\/www.prwrestling.com\/nw\/wwe-lanzara-episodio-extra-de-last-ride\/","title":{"rendered":"WWE lanzar\u00e1 episodio extra de &#8220;Last Ride&#8221;"},"content":{"rendered":"<p>WWE Network News informa que WWE transmitir\u00e1 la parte 6 de las docuseries The Last Ride el 19 de julio, el mismo d\u00eda que The Horror Show at Extreme Rules.<!--more--><div id=\"ad-slot\" style=\"min-width: 300px; min-height: 250px;\">\r\n<p style=\"text-align: center;\">\r\n<script async src=\"https:\/\/pagead2.googlesyndication.com\/pagead\/js\/adsbygoogle.js\"><\/script>\r\n<!-- 300x250 sc a -->\r\n<ins class=\"adsbygoogle\"\r\n     style=\"display:inline-block;width:300px;height:250px\"\r\n     data-ad-client=\"ca-pub-1244235910658811\"\r\n     data-ad-slot=\"8592682546\"><\/ins>\r\n<script>\r\n     (adsbygoogle = window.adsbygoogle || []).push({});\r\n<\/script><\/center>\r\n<\/p><\/div><br \/>\nEl nuevo episodio se llamar\u00e1 &#8220;Undertaker: The Last Ride &#8211; Tales From The Deadman&#8221;.<\/p>\n<p>Este nuevo episodio estar\u00e1 compuesto por tomas y otras im\u00e1genes que no utilizaron en los primeros 5 episodios. Tambi\u00e9n debe incluir algunas historias completas contadas durante las extensas entrevistas al Undertaker.<\/p>\n","protected":false},"excerpt":{"rendered":"<p>WWE Network News informa que WWE transmitir\u00e1 la parte 6 de las docuseries The Last Ride el 19 de julio, el mismo d\u00eda que The Horror Show at Extreme Rules.<\/p>\n","protected":false},"author":1,"featured_media":124201,"comment_status":"open","ping_status":"closed","sticky":false,"template":"","format":"standard","meta":{"footnotes":""},"categories":[5,38],"tags":[1499,9],"class_list":{"0":"post-125935","1":"post","2":"type-post","3":"status-publish","4":"format-standard","5":"has-post-thumbnail","7":"category-noticias","8":"category-noticias-y-rumores-de-la-wwe","9":"tag-undertaker","10":"tag-wwe"},"_links":{"self":[{"href":"https:\/\/www.prwrestling.com\/nw\/wp-json\/wp\/v2\/posts\/125935","targetHints":{"allow":["GET"]}}],"collection":[{"href":"https:\/\/www.prwrestling.com\/nw\/wp-json\/wp\/v2\/posts"}],"about":[{"href":"https:\/\/www.prwrestling.com\/nw\/wp-json\/wp\/v2\/types\/post"}],"author":[{"embeddable":true,"href":"https:\/\/www.prwrestling.com\/nw\/wp-json\/wp\/v2\/users\/1"}],"replies":[{"embeddable":true,"href":"https:\/\/www.prwrestling.com\/nw\/wp-json\/wp\/v2\/comments?post=125935"}],"version-history":[{"count":1,"href":"https:\/\/www.prwrestling.com\/nw\/wp-json\/wp\/v2\/posts\/125935\/revisions"}],"predecessor-version":[{"id":125936,"href":"https:\/\/www.prwrestling.com\/nw\/wp-json\/wp\/v2\/posts\/125935\/revisions\/125936"}],"wp:featuredmedia":[{"embeddable":true,"href":"https:\/\/www.prwrestling.com\/nw\/wp-json\/wp\/v2\/media\/124201"}],"wp:attachment":[{"href":"https:\/\/www.prwrestling.com\/nw\/wp-json\/wp\/v2\/media?parent=125935"}],"wp:term":[{"taxonomy":"category","embeddable":true,"href":"https:\/\/www.prwrestling.com\/nw\/wp-json\/wp\/v2\/categories?post=125935"},{"taxonomy":"post_tag","embeddable":true,"href":"https:\/\/www.prwrestling.com\/nw\/wp-json\/wp\/v2\/tags?post=125935"}],"curies":[{"name":"wp","href":"https:\/\/api.w.org\/{rel}","templated":true}]}}