{"id":125993,"date":"2020-07-14T17:30:56","date_gmt":"2020-07-14T21:30:56","guid":{"rendered":"https:\/\/www.prwrestling.com\/nw\/?p=125993"},"modified":"2020-07-14T17:30:56","modified_gmt":"2020-07-14T21:30:56","slug":"wwe-raw-sufre-baja-histotica-en-ratings","status":"publish","type":"post","link":"https:\/\/www.prwrestling.com\/nw\/wwe-raw-sufre-baja-histotica-en-ratings\/","title":{"rendered":"WWE Raw sufre baja hist\u00f3tica en ratings"},"content":{"rendered":"<p>Raw de anoche promedi\u00f3 1.56 millones de espectadores durante las tres horas, el rating m\u00e1s bajo en la historia moderna.<!--more--><div id=\"ad-slot\" style=\"min-width: 300px; min-height: 250px;\">\r\n<p style=\"text-align: center;\">\r\n<script async src=\"https:\/\/pagead2.googlesyndication.com\/pagead\/js\/adsbygoogle.js\"><\/script>\r\n<!-- 300x250 sc a -->\r\n<ins class=\"adsbygoogle\"\r\n     style=\"display:inline-block;width:300px;height:250px\"\r\n     data-ad-client=\"ca-pub-1244235910658811\"\r\n     data-ad-slot=\"8592682546\"><\/ins>\r\n<script>\r\n     (adsbygoogle = window.adsbygoogle || []).push({});\r\n<\/script><\/center>\r\n<\/p><\/div><br \/>\nEn el demo 18-49, el show promedi\u00f3 un 0.48, que ser\u00eda el segundo m\u00e1s bajo en toda la historia.<\/p>\n<p>El r\u00e9cord anterior de audiencia fue el 4 de mayo, con 1.68 millones de espectadores.<\/p>\n<p>Las tres horas atrajeron:<\/p>\n<p>8 p.m. 1.58 millones de espectadores<br \/>\n9 p.m. 1.60 millones de espectadores<br \/>\n10 p.m. 1.50 millones de espectadores<\/p>\n","protected":false},"excerpt":{"rendered":"<p>Raw de anoche promedi\u00f3 1.56 millones de espectadores durante las tres horas, el rating m\u00e1s bajo en la historia moderna.<\/p>\n","protected":false},"author":1,"featured_media":125994,"comment_status":"open","ping_status":"closed","sticky":false,"template":"","format":"standard","meta":{"footnotes":""},"categories":[5,38],"tags":[],"class_list":{"0":"post-125993","1":"post","2":"type-post","3":"status-publish","4":"format-standard","5":"has-post-thumbnail","7":"category-noticias","8":"category-noticias-y-rumores-de-la-wwe"},"_links":{"self":[{"href":"https:\/\/www.prwrestling.com\/nw\/wp-json\/wp\/v2\/posts\/125993","targetHints":{"allow":["GET"]}}],"collection":[{"href":"https:\/\/www.prwrestling.com\/nw\/wp-json\/wp\/v2\/posts"}],"about":[{"href":"https:\/\/www.prwrestling.com\/nw\/wp-json\/wp\/v2\/types\/post"}],"author":[{"embeddable":true,"href":"https:\/\/www.prwrestling.com\/nw\/wp-json\/wp\/v2\/users\/1"}],"replies":[{"embeddable":true,"href":"https:\/\/www.prwrestling.com\/nw\/wp-json\/wp\/v2\/comments?post=125993"}],"version-history":[{"count":0,"href":"https:\/\/www.prwrestling.com\/nw\/wp-json\/wp\/v2\/posts\/125993\/revisions"}],"wp:featuredmedia":[{"embeddable":true,"href":"https:\/\/www.prwrestling.com\/nw\/wp-json\/wp\/v2\/media\/125994"}],"wp:attachment":[{"href":"https:\/\/www.prwrestling.com\/nw\/wp-json\/wp\/v2\/media?parent=125993"}],"wp:term":[{"taxonomy":"category","embeddable":true,"href":"https:\/\/www.prwrestling.com\/nw\/wp-json\/wp\/v2\/categories?post=125993"},{"taxonomy":"post_tag","embeddable":true,"href":"https:\/\/www.prwrestling.com\/nw\/wp-json\/wp\/v2\/tags?post=125993"}],"curies":[{"name":"wp","href":"https:\/\/api.w.org\/{rel}","templated":true}]}}